{"id":30749,"date":"2008-03-15T01:24:28","date_gmt":"2008-03-15T01:24:28","guid":{"rendered":"http:\/\/archiv.szolnoktv.hu\/?p=30749"},"modified":"2021-11-17T11:50:58","modified_gmt":"2021-11-17T11:50:58","slug":"munkavedelmi-ellenorzes","status":"publish","type":"post","link":"http:\/\/archiv.szolnoktv.hu\/?p=30749","title":{"rendered":"Munkav\u00e9delmi ellen\u0151rz\u00e9s"},"content":{"rendered":"<div class='booster-block booster-read-block'><\/div><p>Kikelet hadm\u0171velet. Csaknem 1500 munkav\u00e1llal\u00f3t, \u00e9s 130 munk\u00e1ltat\u00f3t vizsg\u00e1lt a Munkav\u00e9delmi Fel\u00fcgyel\u0151s\u00e9g megy\u00e9nkben. A Kikelet hadm\u0171velet keret\u00e9ben vizsg\u00e1lt munk\u00e1ltat\u00f3kn\u00e1l mind\u00f6ssze hat esetben nem tal\u00e1ltak valamilyen hib\u00e1t a szakemberek. Az akci\u00f3sorozat c\u00e9lja &#8211; a fogyaszt\u00f3v\u00e9delmen t\u00fal &#8211; a feketegazdas\u00e1g elleni k\u00fczdelem er\u0151s\u00edt\u00e9se.<br \/>\nA piaci es\u00e9lyegyenl\u0151s\u00e9g megteremt\u00e9se, a fogyaszt\u00f3i kiszolg\u00e1ltatotts\u00e1g cs\u00f6kkent\u00e9se, a feketegazdas\u00e1g visszaszor\u00edt\u00e1s.- ez a korm\u00e1ny \u00e1ltal ind\u00edtott kikelet hadm\u0171vel c\u00e9lja. Az akci\u00f3sorozat febru\u00e1r v\u00e9g\u00e9n indult megy\u00e9nkben. A Munkav\u00e9delmi Fel\u00fcgyel\u0151s\u00e9g munkat\u00e1rsai az ideiglenes \u00e1rus\u00edt\u00f3helyeket, a feldolgoz\u00f3 \u00e9s \u00e9p\u00edt\u0151ipart, az aut\u00f3jav\u00edt\u00f3 \u00fczemeket, a f\u00e9mhullad\u00e9kgy\u0171jt\u0151ket \u00e9s a fakitermel\u0151ket ellen\u0151rizt\u00e9k.<\/p>\n","protected":false},"excerpt":{"rendered":"<p>Kikelet hadm\u0171velet. Csaknem 1500 munkav\u00e1llal\u00f3t, \u00e9s 130 munk\u00e1ltat\u00f3t vizsg\u00e1lt a Munkav\u00e9delmi Fel\u00fcgyel\u0151s\u00e9g megy\u00e9nkben. A Kikelet hadm\u0171velet keret\u00e9ben vizsg\u00e1lt munk\u00e1ltat\u00f3kn\u00e1l mind\u00f6ssze hat esetben nem tal\u00e1ltak valamilyen hib\u00e1t a szakemberek. Az akci\u00f3sorozat c\u00e9lja &#8211; a fogyaszt\u00f3v\u00e9delmen t\u00fal &#8211; a feketegazdas\u00e1g elleni k\u00fczdelem er\u0151s\u00edt\u00e9se. A piaci es\u00e9lyegyenl\u0151s\u00e9g megteremt\u00e9se, a fogyaszt\u00f3i kiszolg\u00e1ltatotts\u00e1g cs\u00f6kkent\u00e9se, a feketegazdas\u00e1g visszaszor\u00edt\u00e1s.- ez a korm\u00e1ny [&hellip;]<\/p>\n","protected":false},"author":2,"featured_media":0,"comment_status":"open","ping_status":"open","sticky":false,"template":"","format":"standard","meta":[],"categories":[24],"tags":[],"_links":{"self":[{"href":"http:\/\/archiv.szolnoktv.hu\/index.php?rest_route=\/wp\/v2\/posts\/30749"}],"collection":[{"href":"http:\/\/archiv.szolnoktv.hu\/index.php?rest_route=\/wp\/v2\/posts"}],"about":[{"href":"http:\/\/archiv.szolnoktv.hu\/index.php?rest_route=\/wp\/v2\/types\/post"}],"author":[{"embeddable":true,"href":"http:\/\/archiv.szolnoktv.hu\/index.php?rest_route=\/wp\/v2\/users\/2"}],"replies":[{"embeddable":true,"href":"http:\/\/archiv.szolnoktv.hu\/index.php?rest_route=%2Fwp%2Fv2%2Fcomments&post=30749"}],"version-history":[{"count":1,"href":"http:\/\/archiv.szolnoktv.hu\/index.php?rest_route=\/wp\/v2\/posts\/30749\/revisions"}],"predecessor-version":[{"id":30800,"href":"http:\/\/archiv.szolnoktv.hu\/index.php?rest_route=\/wp\/v2\/posts\/30749\/revisions\/30800"}],"wp:attachment":[{"href":"http:\/\/archiv.szolnoktv.hu\/index.php?rest_route=%2Fwp%2Fv2%2Fmedia&parent=30749"}],"wp:term":[{"taxonomy":"category","embeddable":true,"href":"http:\/\/archiv.szolnoktv.hu\/index.php?rest_route=%2Fwp%2Fv2%2Fcategories&post=30749"},{"taxonomy":"post_tag","embeddable":true,"href":"http:\/\/archiv.szolnoktv.hu\/index.php?rest_route=%2Fwp%2Fv2%2Ftags&post=30749"}],"curies":[{"name":"wp","href":"https:\/\/api.w.org\/{rel}","templated":true}]}}