{"id":30748,"date":"2008-03-15T01:23:34","date_gmt":"2008-03-15T01:23:34","guid":{"rendered":"http:\/\/archiv.szolnoktv.hu\/?p=30748"},"modified":"2021-11-17T11:50:58","modified_gmt":"2021-11-17T11:50:58","slug":"mol-csomopont","status":"publish","type":"post","link":"http:\/\/archiv.szolnoktv.hu\/?p=30748","title":{"rendered":"MOL- csom\u00f3pont"},"content":{"rendered":"<div class='booster-block booster-read-block'><\/div><p>A balesetvesz\u00e9lyes keresztez\u0151d\u00e9s \u00e1t\u00e9p\u00edt\u00e9s\u00e9re m\u00e1r 10 \u00e9vvel ezel\u0151tt is voltak elk\u00e9pzel\u00e9sek, v\u00e1ltoz\u00e1s azonban eddig m\u00e9g nem t\u00f6rt\u00e9nt. Most is csak \u00edg\u00e9retek vannak, a Gazdas\u00e1gi \u00e9s K\u00f6zleked\u00e9si Miniszt\u00e9rium a napokban d\u00f6nt arr\u00f3l, hogy id\u00e9n lesz-e elegend\u0151 anyagi forr\u00e1s.<br \/>\nA MOL- csom\u00f3pont a r\u00e9gi 4-es \u00fat \u00e9s a 4-es sz\u00e1m\u0171 f\u0151\u00fat tal\u00e1lkoz\u00e1s\u00e1n\u00e1l az egyik legvesz\u00e9lyesebb keresztez\u0151d\u00e9s a megy\u00e9ben, s\u0151t az orsz\u00e1gban is. 1995-ben \u00e9p\u00fclt, a szolnoki d\u00e9li elker\u00fcl\u0151 4-es szakasz\u00e1nak \u00e9p\u00edt\u00e9sekor. Az\u00f3ta igen gyakoriak a balesetek a csom\u00f3pontban, ez\u00e9rt az \u00fczemeltet\u0151 Magyar K\u00f6z\u00fat KHT t\u00f6bb mint 10 \u00e9ve foglalkozik azzal, hogy hogyan lehetne \u00e1t\u00e9p\u00edteni. T\u00f6bb terv is k\u00e9sz\u00fclt, anyagi forr\u00e1s n\u00e9lk\u00fcl viszont egyik elk\u00e9pzel\u00e9s sem val\u00f3sult meg. Pedig a beruh\u00e1z\u00e1sra mindenk\u00e9pp sz\u00fcks\u00e9g lenne, hiszen csak tavaly 6 szem\u00e9lyi s\u00e9r\u00fcl\u00e9ssel j\u00e1r\u00f3 baleset is t\u00f6rt\u00e9nt.<br \/>A sz\u00fcks\u00e9ges \u00e1t\u00e9p\u00edt\u00e9sben az egyetlen el\u0151rel\u00e9p\u00e9s, hogy a Gazdas\u00e1gi \u00e9s K\u00f6zleked\u00e9si Miniszt\u00e9rium 2007-ben \u00edg\u00e9retet tett arra, hogy felgyors\u00edtja a csom\u00f3pont \u00fcgy\u00e9t, \u00e9s \u00fagy t\u0171nik, ez\u00fattal val\u00f3ban megval\u00f3sul a beruh\u00e1z\u00e1s. A miniszt\u00e9rium egy\u00e9bk\u00e9nt id\u00e9n 800 milli\u00f3 forintot k\u00fcl\u00f6n\u00edtett el a vesz\u00e9lyes csom\u00f3pontok \u00e1t\u00e9p\u00edt\u00e9s\u00e9re, erre az \u00f6sszegre viszont 25 keresztez\u0151d\u00e9s p\u00e1ly\u00e1zik az orsz\u00e1gb\u00f3l. <br \/>&#8220;Jelen ismereteink szerint most a miniszt\u00e9riumban szak\u00e1llamtitk\u00e1ri j\u00f3v\u00e1hagy\u00e1s el\u0151tt van az \u00e1t\u00e9p\u00edt\u00e9sre vagy rekonstrukci\u00f3ra vonatkoz\u00f3 projekt&#8221;&#8221; &#8211; mondta Kov\u00e1cs K\u00e1roly<br \/>\na Magyar K\u00f6z\u00fat megyei igazgat\u00f3ja. Szerinte a k\u00f6vetkez\u0151 napokban a miniszt\u00e9riumban al\u00e1\u00edrj\u00e1k a tervezetet<br \/>\nut\u00e1na pedig k\u00e9sz\u00fclhetnek a kivitelez\u00e9si tervek. Kedvez\u0151 esetben m\u00e9g az \u00e1t\u00e9p\u00edt\u00e9s is elkezd\u0151dhet id\u00e9n.  Ha a beruh\u00e1z\u00e1s t\u00e9nyleg megval\u00f3sul<\/p>\n","protected":false},"excerpt":{"rendered":"<p>A balesetvesz\u00e9lyes keresztez\u0151d\u00e9s \u00e1t\u00e9p\u00edt\u00e9s\u00e9re m\u00e1r 10 \u00e9vvel ezel\u0151tt is voltak elk\u00e9pzel\u00e9sek, v\u00e1ltoz\u00e1s azonban eddig m\u00e9g nem t\u00f6rt\u00e9nt. Most is csak \u00edg\u00e9retek vannak, a Gazdas\u00e1gi \u00e9s K\u00f6zleked\u00e9si Miniszt\u00e9rium a napokban d\u00f6nt arr\u00f3l, hogy id\u00e9n lesz-e elegend\u0151 anyagi forr\u00e1s. A MOL- csom\u00f3pont a r\u00e9gi 4-es \u00fat \u00e9s a 4-es sz\u00e1m\u0171 f\u0151\u00fat tal\u00e1lkoz\u00e1s\u00e1n\u00e1l az egyik legvesz\u00e9lyesebb keresztez\u0151d\u00e9s a [&hellip;]<\/p>\n","protected":false},"author":2,"featured_media":0,"comment_status":"open","ping_status":"open","sticky":false,"template":"","format":"standard","meta":[],"categories":[24],"tags":[],"_links":{"self":[{"href":"http:\/\/archiv.szolnoktv.hu\/index.php?rest_route=\/wp\/v2\/posts\/30748"}],"collection":[{"href":"http:\/\/archiv.szolnoktv.hu\/index.php?rest_route=\/wp\/v2\/posts"}],"about":[{"href":"http:\/\/archiv.szolnoktv.hu\/index.php?rest_route=\/wp\/v2\/types\/post"}],"author":[{"embeddable":true,"href":"http:\/\/archiv.szolnoktv.hu\/index.php?rest_route=\/wp\/v2\/users\/2"}],"replies":[{"embeddable":true,"href":"http:\/\/archiv.szolnoktv.hu\/index.php?rest_route=%2Fwp%2Fv2%2Fcomments&post=30748"}],"version-history":[{"count":1,"href":"http:\/\/archiv.szolnoktv.hu\/index.php?rest_route=\/wp\/v2\/posts\/30748\/revisions"}],"predecessor-version":[{"id":30801,"href":"http:\/\/archiv.szolnoktv.hu\/index.php?rest_route=\/wp\/v2\/posts\/30748\/revisions\/30801"}],"wp:attachment":[{"href":"http:\/\/archiv.szolnoktv.hu\/index.php?rest_route=%2Fwp%2Fv2%2Fmedia&parent=30748"}],"wp:term":[{"taxonomy":"category","embeddable":true,"href":"http:\/\/archiv.szolnoktv.hu\/index.php?rest_route=%2Fwp%2Fv2%2Fcategories&post=30748"},{"taxonomy":"post_tag","embeddable":true,"href":"http:\/\/archiv.szolnoktv.hu\/index.php?rest_route=%2Fwp%2Fv2%2Ftags&post=30748"}],"curies":[{"name":"wp","href":"https:\/\/api.w.org\/{rel}","templated":true}]}}