{"id":30747,"date":"2008-03-15T01:21:42","date_gmt":"2008-03-15T01:21:42","guid":{"rendered":"http:\/\/archiv.szolnoktv.hu\/?p=30747"},"modified":"2021-11-17T11:50:58","modified_gmt":"2021-11-17T11:50:58","slug":"koszoruzasok-varosszerte-2","status":"publish","type":"post","link":"http:\/\/archiv.szolnoktv.hu\/?p=30747","title":{"rendered":"Koszor\u00faz\u00e1sok v\u00e1rosszerte"},"content":{"rendered":"<div class='booster-block booster-read-block'><\/div><p>T\u00f6rt\u00e9nelem \u00f3ra ovisoknak. M\u00e1rcius 15-i m\u0171sort rendeztek a Hold \u00fati oviban. A gyerekek megismerkedhettek a korh\u0171 fegyverekkel \u00e9s ruh\u00e1kkal. A nemzeti \u00fcnnepr\u0151l a v\u00e1ros t\u00f6bb pontj\u00e1n is megeml\u00e9keztek.<br \/>\nAz 1848-49-es szabads\u00e1gharcra eml\u00e9keztek a Hold \u00fati \u00f3vod\u00e1ban. A gyerekek megismerkedhettek a korabeli ruh\u00e1kkal, fegyverekkel. A szolnoki katonai alakulatok a R\u00f3mai Katolikus Temet\u0151ben eml\u00e9keztek meg m\u00e1rcius 15-re, de t\u00f6bb p\u00e1rt \u00e9s egyes\u00fclet is koszor\u00fakat helyezett el, t\u00f6bbek k\u00f6z\u00f6tt a v\u00e1rosh\u00e1za aul\u00e1j\u00e1ban, a Sz\u00e9chenyi lak\u00f3telepen, valamint a Damjanich M\u00fazeumban is.<\/p>\n","protected":false},"excerpt":{"rendered":"<p>T\u00f6rt\u00e9nelem \u00f3ra ovisoknak. M\u00e1rcius 15-i m\u0171sort rendeztek a Hold \u00fati oviban. A gyerekek megismerkedhettek a korh\u0171 fegyverekkel \u00e9s ruh\u00e1kkal. A nemzeti \u00fcnnepr\u0151l a v\u00e1ros t\u00f6bb pontj\u00e1n is megeml\u00e9keztek. Az 1848-49-es szabads\u00e1gharcra eml\u00e9keztek a Hold \u00fati \u00f3vod\u00e1ban. A gyerekek megismerkedhettek a korabeli ruh\u00e1kkal, fegyverekkel. A szolnoki katonai alakulatok a R\u00f3mai Katolikus Temet\u0151ben eml\u00e9keztek meg m\u00e1rcius 15-re, [&hellip;]<\/p>\n","protected":false},"author":2,"featured_media":0,"comment_status":"open","ping_status":"open","sticky":false,"template":"","format":"standard","meta":[],"categories":[24],"tags":[],"_links":{"self":[{"href":"http:\/\/archiv.szolnoktv.hu\/index.php?rest_route=\/wp\/v2\/posts\/30747"}],"collection":[{"href":"http:\/\/archiv.szolnoktv.hu\/index.php?rest_route=\/wp\/v2\/posts"}],"about":[{"href":"http:\/\/archiv.szolnoktv.hu\/index.php?rest_route=\/wp\/v2\/types\/post"}],"author":[{"embeddable":true,"href":"http:\/\/archiv.szolnoktv.hu\/index.php?rest_route=\/wp\/v2\/users\/2"}],"replies":[{"embeddable":true,"href":"http:\/\/archiv.szolnoktv.hu\/index.php?rest_route=%2Fwp%2Fv2%2Fcomments&post=30747"}],"version-history":[{"count":1,"href":"http:\/\/archiv.szolnoktv.hu\/index.php?rest_route=\/wp\/v2\/posts\/30747\/revisions"}],"predecessor-version":[{"id":30802,"href":"http:\/\/archiv.szolnoktv.hu\/index.php?rest_route=\/wp\/v2\/posts\/30747\/revisions\/30802"}],"wp:attachment":[{"href":"http:\/\/archiv.szolnoktv.hu\/index.php?rest_route=%2Fwp%2Fv2%2Fmedia&parent=30747"}],"wp:term":[{"taxonomy":"category","embeddable":true,"href":"http:\/\/archiv.szolnoktv.hu\/index.php?rest_route=%2Fwp%2Fv2%2Fcategories&post=30747"},{"taxonomy":"post_tag","embeddable":true,"href":"http:\/\/archiv.szolnoktv.hu\/index.php?rest_route=%2Fwp%2Fv2%2Ftags&post=30747"}],"curies":[{"name":"wp","href":"https:\/\/api.w.org\/{rel}","templated":true}]}}