{"id":30743,"date":"2008-03-14T04:45:28","date_gmt":"2008-03-14T04:45:28","guid":{"rendered":"http:\/\/archiv.szolnoktv.hu\/?p=30743"},"modified":"2021-11-17T11:50:58","modified_gmt":"2021-11-17T11:50:58","slug":"szucs-imre-kiallitas","status":"publish","type":"post","link":"http:\/\/archiv.szolnoktv.hu\/?p=30743","title":{"rendered":"Sz\u0171cs Imre ki\u00e1ll\u00edt\u00e1s"},"content":{"rendered":"<div class='booster-block booster-read-block'><\/div><p>K\u00f6zel f\u00e9l \u00e9vsz\u00e1zad a fazekaskorong mellett. Ma d\u00e9lut\u00e1n ny\u00edlt meg Sz\u0171cs Imre fazekas n\u00e9pi iparm\u0171v\u00e9sz ki\u00e1ll\u00edt\u00e1sa a Damjanich M\u00fazeumban. M\u00e9g csak \u00e1ltal\u00e1nos iskol\u00e1s volt, amikor a karcagi K\u00e1ntor S\u00e1ndor tan\u00edtv\u00e1nya lett. Karcagnak azonban nem volt jellegzetes fazekashagyom\u00e1nya, \u00edgy Tiszaf\u00fcredre ker\u00fclt, ahol f\u0151k\u00e9nt a r\u00e9gi, hagyom\u00e1nyos ed\u00e9nyeket k\u00e9sz\u00edtette. A 1970-es \u00e9vekben tal\u00e1lta meg saj\u00e1t st\u00edlus\u00e1t, a feh\u00e9r alapon z\u00f6ld \u00e9s fekete sz\u00edn\u00f6ssze\u00e1ll\u00edt\u00e1st m\u00edves, szerkesztett vagy szabad rajz\u00fa vir\u00e1gcsokrokkal, madarakkal. Ezt a jellegzetes sz\u00edn- \u00e9s mot\u00edvumhaszn\u00e1latot az\u00f3ta m\u00e1r Sz\u0171cs-st\u00edlusnak nevezik. Az ed\u00e9nyek k\u00f6zt vannak hagyom\u00e1nyos \u00e9s figur\u00e1lis ker\u00e1mi\u00e1k: t\u00e1lak, szilk\u00e9k, butykosok, miskakancs\u00f3k, ty\u00fak- \u00e9s kakasfigur\u00e1k, de tal\u00e1lhatunk napjaink ig\u00e9nyeit is kiel\u00e9g\u00edt\u0151, apr\u00f3l\u00e9kosan megmunk\u00e1lt ital- \u00e9s \u00e9tk\u00e9szleteket is. A ki\u00e1ll\u00edt\u00e1s m\u00e1jus 13-ig l\u00e1that\u00f3 a Damjanich J\u00e1nos M\u00fazeumban.<\/p>\n","protected":false},"excerpt":{"rendered":"<p>K\u00f6zel f\u00e9l \u00e9vsz\u00e1zad a fazekaskorong mellett. Ma d\u00e9lut\u00e1n ny\u00edlt meg Sz\u0171cs Imre fazekas n\u00e9pi iparm\u0171v\u00e9sz ki\u00e1ll\u00edt\u00e1sa a Damjanich M\u00fazeumban. M\u00e9g csak \u00e1ltal\u00e1nos iskol\u00e1s volt, amikor a karcagi K\u00e1ntor S\u00e1ndor tan\u00edtv\u00e1nya lett. Karcagnak azonban nem volt jellegzetes fazekashagyom\u00e1nya, \u00edgy Tiszaf\u00fcredre ker\u00fclt, ahol f\u0151k\u00e9nt a r\u00e9gi, hagyom\u00e1nyos ed\u00e9nyeket k\u00e9sz\u00edtette. A 1970-es \u00e9vekben tal\u00e1lta meg saj\u00e1t st\u00edlus\u00e1t, a [&hellip;]<\/p>\n","protected":false},"author":2,"featured_media":0,"comment_status":"open","ping_status":"open","sticky":false,"template":"","format":"standard","meta":[],"categories":[24],"tags":[],"_links":{"self":[{"href":"http:\/\/archiv.szolnoktv.hu\/index.php?rest_route=\/wp\/v2\/posts\/30743"}],"collection":[{"href":"http:\/\/archiv.szolnoktv.hu\/index.php?rest_route=\/wp\/v2\/posts"}],"about":[{"href":"http:\/\/archiv.szolnoktv.hu\/index.php?rest_route=\/wp\/v2\/types\/post"}],"author":[{"embeddable":true,"href":"http:\/\/archiv.szolnoktv.hu\/index.php?rest_route=\/wp\/v2\/users\/2"}],"replies":[{"embeddable":true,"href":"http:\/\/archiv.szolnoktv.hu\/index.php?rest_route=%2Fwp%2Fv2%2Fcomments&post=30743"}],"version-history":[{"count":1,"href":"http:\/\/archiv.szolnoktv.hu\/index.php?rest_route=\/wp\/v2\/posts\/30743\/revisions"}],"predecessor-version":[{"id":30806,"href":"http:\/\/archiv.szolnoktv.hu\/index.php?rest_route=\/wp\/v2\/posts\/30743\/revisions\/30806"}],"wp:attachment":[{"href":"http:\/\/archiv.szolnoktv.hu\/index.php?rest_route=%2Fwp%2Fv2%2Fmedia&parent=30743"}],"wp:term":[{"taxonomy":"category","embeddable":true,"href":"http:\/\/archiv.szolnoktv.hu\/index.php?rest_route=%2Fwp%2Fv2%2Fcategories&post=30743"},{"taxonomy":"post_tag","embeddable":true,"href":"http:\/\/archiv.szolnoktv.hu\/index.php?rest_route=%2Fwp%2Fv2%2Ftags&post=30743"}],"curies":[{"name":"wp","href":"https:\/\/api.w.org\/{rel}","templated":true}]}}