{"id":30740,"date":"2008-03-14T00:31:08","date_gmt":"2008-03-14T00:31:08","guid":{"rendered":"http:\/\/archiv.szolnoktv.hu\/?p=30740"},"modified":"2021-11-17T11:50:59","modified_gmt":"2021-11-17T11:50:59","slug":"bombariado-a-vasutallomason","status":"publish","type":"post","link":"http:\/\/archiv.szolnoktv.hu\/?p=30740","title":{"rendered":"Bombariad\u00f3 a vas\u00fat\u00e1llom\u00e1son"},"content":{"rendered":"<div class='booster-block booster-read-block'><\/div><p>Bombariad\u00f3 volt szerd\u00e1n este a szolnoki vas\u00fat\u00e1llom\u00e1son. Egy ismeretlen telefon\u00e1l\u00f3 f\u00e9l 7 k\u00f6r\u00fcl k\u00f6z\u00f6lte a rend\u0151rs\u00e9ggel, hogy bomba robban a vas\u00fat\u00e1llom\u00e1son &#8211; mondta az Aktu\u00e1lisnak Szab\u00f3 Zita, a megyei rend\u0151r-f\u0151kapit\u00e1nys\u00e1g sajt\u00f3referense. Az utasoknak el kellett hagyniuk a v\u00e1r\u00f3csarnokot, az alulj\u00e1r\u00f3t \u00e9s a peronokat, a ter\u00fclet \u00e1tvizsg\u00e1l\u00e1s\u00e1t azonnal megkezdt\u00e9k. Rend\u0151rs\u00e9g szakemberei ez\u00fattal sem tal\u00e1ltak robban\u00f3szert \u00e9s robban\u00f3anyagot. A vas\u00fati k\u00f6zleked\u00e9s 19 \u00f3ra 17 perckor indult meg, a jegykiad\u00e1s viszont eg\u00e9szen 20 \u00f3r\u00e1ig sz\u00fcnetelt. Mint Sigulinszky Tibort\u00f3l, a M\u00c1V sajt\u00f3sz\u00f3viv\u0151j\u00e9t\u0151l megtudtuk, a bombariad\u00f3 21 vonatot \u00e9rintett, a szerelv\u00e9nyek \u00e1tlagosan 30 percet k\u00e9stek. A rend\u0151rs\u00e9g pedig k\u00f6zvesz\u00e9llyel fenyeget\u00e9s miatt ind\u00edtott nyomoz\u00e1st.<\/p>\n","protected":false},"excerpt":{"rendered":"<p>Bombariad\u00f3 volt szerd\u00e1n este a szolnoki vas\u00fat\u00e1llom\u00e1son. Egy ismeretlen telefon\u00e1l\u00f3 f\u00e9l 7 k\u00f6r\u00fcl k\u00f6z\u00f6lte a rend\u0151rs\u00e9ggel, hogy bomba robban a vas\u00fat\u00e1llom\u00e1son &#8211; mondta az Aktu\u00e1lisnak Szab\u00f3 Zita, a megyei rend\u0151r-f\u0151kapit\u00e1nys\u00e1g sajt\u00f3referense. Az utasoknak el kellett hagyniuk a v\u00e1r\u00f3csarnokot, az alulj\u00e1r\u00f3t \u00e9s a peronokat, a ter\u00fclet \u00e1tvizsg\u00e1l\u00e1s\u00e1t azonnal megkezdt\u00e9k. Rend\u0151rs\u00e9g szakemberei ez\u00fattal sem tal\u00e1ltak robban\u00f3szert \u00e9s [&hellip;]<\/p>\n","protected":false},"author":2,"featured_media":0,"comment_status":"open","ping_status":"open","sticky":false,"template":"","format":"standard","meta":[],"categories":[24],"tags":[],"_links":{"self":[{"href":"http:\/\/archiv.szolnoktv.hu\/index.php?rest_route=\/wp\/v2\/posts\/30740"}],"collection":[{"href":"http:\/\/archiv.szolnoktv.hu\/index.php?rest_route=\/wp\/v2\/posts"}],"about":[{"href":"http:\/\/archiv.szolnoktv.hu\/index.php?rest_route=\/wp\/v2\/types\/post"}],"author":[{"embeddable":true,"href":"http:\/\/archiv.szolnoktv.hu\/index.php?rest_route=\/wp\/v2\/users\/2"}],"replies":[{"embeddable":true,"href":"http:\/\/archiv.szolnoktv.hu\/index.php?rest_route=%2Fwp%2Fv2%2Fcomments&post=30740"}],"version-history":[{"count":1,"href":"http:\/\/archiv.szolnoktv.hu\/index.php?rest_route=\/wp\/v2\/posts\/30740\/revisions"}],"predecessor-version":[{"id":30809,"href":"http:\/\/archiv.szolnoktv.hu\/index.php?rest_route=\/wp\/v2\/posts\/30740\/revisions\/30809"}],"wp:attachment":[{"href":"http:\/\/archiv.szolnoktv.hu\/index.php?rest_route=%2Fwp%2Fv2%2Fmedia&parent=30740"}],"wp:term":[{"taxonomy":"category","embeddable":true,"href":"http:\/\/archiv.szolnoktv.hu\/index.php?rest_route=%2Fwp%2Fv2%2Fcategories&post=30740"},{"taxonomy":"post_tag","embeddable":true,"href":"http:\/\/archiv.szolnoktv.hu\/index.php?rest_route=%2Fwp%2Fv2%2Ftags&post=30740"}],"curies":[{"name":"wp","href":"https:\/\/api.w.org\/{rel}","templated":true}]}}