{"id":30739,"date":"2008-03-14T00:29:31","date_gmt":"2008-03-14T00:29:31","guid":{"rendered":"http:\/\/archiv.szolnoktv.hu\/?p=30739"},"modified":"2021-11-17T11:50:59","modified_gmt":"2021-11-17T11:50:59","slug":"szazmilliardok-a-kozoktatasnak","status":"publish","type":"post","link":"http:\/\/archiv.szolnoktv.hu\/?p=30739","title":{"rendered":"Sz\u00e1zmilli\u00e1rdok a k\u00f6zoktat\u00e1snak"},"content":{"rendered":"<div class='booster-block booster-read-block'><\/div><p>Hiller Istv\u00e1n oktat\u00e1si miniszter a szolnoki f\u0151iskol\u00e1n ismertette az \u00daj tud\u00e1s &#8211;m\u0171velts\u00e9g mindenkinek korm\u00e1nyzati terv\u00e9t.<br \/>\nEszerint az elk\u00f6vetkezend\u0151 esztend\u0151kben \u00e9vente 130-140 milli\u00e1rd forintot ford\u00edtanak az \u00f3vod\u00e1k, \u00e1ltal\u00e1nos- \u00e9s k\u00f6z\u00e9piskol\u00e1k valamint a szakoktat\u00e1s meg\u00faj\u00edt\u00e1s\u00e1ra. A p\u00e9nz harmad\u00e1t az Uni\u00f3t\u00f3l rem\u00e9li a t\u00e1rcavezet\u0151. A terv szerint t\u00f6bb v\u00e9d\u0151n\u0151 lesz, erre sz\u00e1zmilli\u00f3kat k\u00f6ltenek. A halmozottan h\u00e1\u00e9ttr\u00e1nyos helyzet\u0171, els\u0151sorban a cig\u00e1nygyerekek \u00f3vod\u00e1ba szoktat\u00e1s\u00e1t &#8222;beovod\u00e1ztat\u00e1si&#8221; d\u00edjjal \u00f6szt\u00f6n\u00f6zn\u00e9k, amit a sz\u00fcl\u0151k csak akkor kapnak k\u00e9zhez, ha a gyerek val\u00f3ban l\u00e1togatja az int\u00e9zm\u00e9nyt. Otthon szerzett h\u00e1tr\u00e1nya \u00edgy tal\u00e1n kik\u00fcsz\u00f6b\u00f6lhet\u0151 \u00e9s es\u00e9llyel v\u00e9gezhet k\u00f6z\u00e9piskol\u00e1t, szerezhet net\u00e1n diplom\u00e1t. Tartalm\u00e1ban is meg\u00faj\u00edtj\u00e1k a k\u00f6zoktat\u00e1st \u00e9s a pedag\u00f3gusok p\u00e9nzb\u00e9li \u00f6szt\u00f6nz\u00e9s\u00e9re is gondolnak &#8211; mondta Szolnokon Hiller Istv\u00e1n oktat\u00e1si miniszter.<\/p>\n","protected":false},"excerpt":{"rendered":"<p>Hiller Istv\u00e1n oktat\u00e1si miniszter a szolnoki f\u0151iskol\u00e1n ismertette az \u00daj tud\u00e1s &#8211;m\u0171velts\u00e9g mindenkinek korm\u00e1nyzati terv\u00e9t. Eszerint az elk\u00f6vetkezend\u0151 esztend\u0151kben \u00e9vente 130-140 milli\u00e1rd forintot ford\u00edtanak az \u00f3vod\u00e1k, \u00e1ltal\u00e1nos- \u00e9s k\u00f6z\u00e9piskol\u00e1k valamint a szakoktat\u00e1s meg\u00faj\u00edt\u00e1s\u00e1ra. A p\u00e9nz harmad\u00e1t az Uni\u00f3t\u00f3l rem\u00e9li a t\u00e1rcavezet\u0151. A terv szerint t\u00f6bb v\u00e9d\u0151n\u0151 lesz, erre sz\u00e1zmilli\u00f3kat k\u00f6ltenek. A halmozottan h\u00e1\u00e9ttr\u00e1nyos helyzet\u0171, els\u0151sorban [&hellip;]<\/p>\n","protected":false},"author":2,"featured_media":0,"comment_status":"open","ping_status":"open","sticky":false,"template":"","format":"standard","meta":[],"categories":[24],"tags":[],"_links":{"self":[{"href":"http:\/\/archiv.szolnoktv.hu\/index.php?rest_route=\/wp\/v2\/posts\/30739"}],"collection":[{"href":"http:\/\/archiv.szolnoktv.hu\/index.php?rest_route=\/wp\/v2\/posts"}],"about":[{"href":"http:\/\/archiv.szolnoktv.hu\/index.php?rest_route=\/wp\/v2\/types\/post"}],"author":[{"embeddable":true,"href":"http:\/\/archiv.szolnoktv.hu\/index.php?rest_route=\/wp\/v2\/users\/2"}],"replies":[{"embeddable":true,"href":"http:\/\/archiv.szolnoktv.hu\/index.php?rest_route=%2Fwp%2Fv2%2Fcomments&post=30739"}],"version-history":[{"count":1,"href":"http:\/\/archiv.szolnoktv.hu\/index.php?rest_route=\/wp\/v2\/posts\/30739\/revisions"}],"predecessor-version":[{"id":30810,"href":"http:\/\/archiv.szolnoktv.hu\/index.php?rest_route=\/wp\/v2\/posts\/30739\/revisions\/30810"}],"wp:attachment":[{"href":"http:\/\/archiv.szolnoktv.hu\/index.php?rest_route=%2Fwp%2Fv2%2Fmedia&parent=30739"}],"wp:term":[{"taxonomy":"category","embeddable":true,"href":"http:\/\/archiv.szolnoktv.hu\/index.php?rest_route=%2Fwp%2Fv2%2Fcategories&post=30739"},{"taxonomy":"post_tag","embeddable":true,"href":"http:\/\/archiv.szolnoktv.hu\/index.php?rest_route=%2Fwp%2Fv2%2Ftags&post=30739"}],"curies":[{"name":"wp","href":"https:\/\/api.w.org\/{rel}","templated":true}]}}