{"id":30735,"date":"2008-03-13T01:55:32","date_gmt":"2008-03-13T01:55:32","guid":{"rendered":"http:\/\/archiv.szolnoktv.hu\/?p=30735"},"modified":"2021-11-17T11:50:59","modified_gmt":"2021-11-17T11:50:59","slug":"kinyitott-a-varosi-tanuszoda","status":"publish","type":"post","link":"http:\/\/archiv.szolnoktv.hu\/?p=30735","title":{"rendered":"Kinyitott a v\u00e1rosi tanuszoda"},"content":{"rendered":"<div class='booster-block booster-read-block'><\/div><p>\u00dajra birtokba vehett\u00e9k a di\u00e1kok a Szolnokon Kanizsa Tivadar V\u00e1rosi Tanuszod\u00e1t. M\u00e1r a m\u00falt h\u00e9tf\u0151i m\u0171szaki \u00e1tad\u00e1son sem tal\u00e1ltak kifog\u00e1solni val\u00f3t, de a tisztiorvosi szolg\u00e1lat enged\u00e9ly\u00e9re p\u00e1r napot v\u00e1rni kellett. A beny\u00fajtott v\u00edzmint\u00e1kat is rendben tal\u00e1lt\u00e1k, \u00edgy minden akad\u00e1ly elh\u00e1rult a nyit\u00e1s el\u0151l. Mint Szatm\u00e1ri J\u00e1nosn\u00e9 \u00fasz\u00f3mester elmondta, igyekeznek bep\u00f3tolni a h\u00e1rom \u00e9s f\u00e9l h\u00f3napos k\u00e9nyszersz\u00fcnet miatt elmaradt k\u00f6telez\u0151 \u00fasz\u00e1soktat\u00e1st, ami a m\u00e1sodik oszt\u00e1lyos di\u00e1kokat \u00e9rinti. Beindult az iskolai gy\u00f3gytestnevel\u00e9s is, a  h\u00e9tv\u00e9gi baba\u00fasz\u00e1sra azonban \u00e1prilisig v\u00e1rni kell. A tanuszod\u00e1ban az\u00e9rt kellett elv\u00e9gezni a helyre\u00e1ll\u00edt\u00e1st \u00e9s fel\u00faj\u00edt\u00e1st, mert az el\u00f6regedett cs\u0151h\u00e1l\u00f3zat miatt sok v\u00edz folyt el a medenc\u00e9b\u0151l. A munk\u00e1latok m\u00e1sf\u00e9l h\u00f3napig tartottak \u00e9s mintegy 17 milli\u00f3 forintba ker\u00fcltek.<\/p>\n","protected":false},"excerpt":{"rendered":"<p>\u00dajra birtokba vehett\u00e9k a di\u00e1kok a Szolnokon Kanizsa Tivadar V\u00e1rosi Tanuszod\u00e1t. M\u00e1r a m\u00falt h\u00e9tf\u0151i m\u0171szaki \u00e1tad\u00e1son sem tal\u00e1ltak kifog\u00e1solni val\u00f3t, de a tisztiorvosi szolg\u00e1lat enged\u00e9ly\u00e9re p\u00e1r napot v\u00e1rni kellett. A beny\u00fajtott v\u00edzmint\u00e1kat is rendben tal\u00e1lt\u00e1k, \u00edgy minden akad\u00e1ly elh\u00e1rult a nyit\u00e1s el\u0151l. Mint Szatm\u00e1ri J\u00e1nosn\u00e9 \u00fasz\u00f3mester elmondta, igyekeznek bep\u00f3tolni a h\u00e1rom \u00e9s f\u00e9l h\u00f3napos [&hellip;]<\/p>\n","protected":false},"author":2,"featured_media":0,"comment_status":"open","ping_status":"open","sticky":false,"template":"","format":"standard","meta":[],"categories":[24],"tags":[],"_links":{"self":[{"href":"http:\/\/archiv.szolnoktv.hu\/index.php?rest_route=\/wp\/v2\/posts\/30735"}],"collection":[{"href":"http:\/\/archiv.szolnoktv.hu\/index.php?rest_route=\/wp\/v2\/posts"}],"about":[{"href":"http:\/\/archiv.szolnoktv.hu\/index.php?rest_route=\/wp\/v2\/types\/post"}],"author":[{"embeddable":true,"href":"http:\/\/archiv.szolnoktv.hu\/index.php?rest_route=\/wp\/v2\/users\/2"}],"replies":[{"embeddable":true,"href":"http:\/\/archiv.szolnoktv.hu\/index.php?rest_route=%2Fwp%2Fv2%2Fcomments&post=30735"}],"version-history":[{"count":1,"href":"http:\/\/archiv.szolnoktv.hu\/index.php?rest_route=\/wp\/v2\/posts\/30735\/revisions"}],"predecessor-version":[{"id":30814,"href":"http:\/\/archiv.szolnoktv.hu\/index.php?rest_route=\/wp\/v2\/posts\/30735\/revisions\/30814"}],"wp:attachment":[{"href":"http:\/\/archiv.szolnoktv.hu\/index.php?rest_route=%2Fwp%2Fv2%2Fmedia&parent=30735"}],"wp:term":[{"taxonomy":"category","embeddable":true,"href":"http:\/\/archiv.szolnoktv.hu\/index.php?rest_route=%2Fwp%2Fv2%2Fcategories&post=30735"},{"taxonomy":"post_tag","embeddable":true,"href":"http:\/\/archiv.szolnoktv.hu\/index.php?rest_route=%2Fwp%2Fv2%2Ftags&post=30735"}],"curies":[{"name":"wp","href":"https:\/\/api.w.org\/{rel}","templated":true}]}}