{"id":30733,"date":"2008-03-13T01:42:34","date_gmt":"2008-03-13T01:42:34","guid":{"rendered":"http:\/\/archiv.szolnoktv.hu\/?p=30733"},"modified":"2021-11-17T11:50:59","modified_gmt":"2021-11-17T11:50:59","slug":"tornaterem-problemak","status":"publish","type":"post","link":"http:\/\/archiv.szolnoktv.hu\/?p=30733","title":{"rendered":"Tornaterem probl\u00e9m\u00e1k"},"content":{"rendered":"<div class='booster-block booster-read-block'><\/div><p>Szolnokon is bajba ker\u00fclhetnek iskol\u00e1k a tornatermek miatt. Az Oktat\u00e1si Miniszt\u00e9rium egy rendelete el\u0151\u00edrja, hogy az iskol\u00e1knak rendelkezni\u00fck kell tornateremmel. Az els\u0151 hat\u00e1rid\u0151 m\u00e1r lej\u00e1rt, de nincs minden\u00fctt tornaterem. A szakt\u00e1rca most 2008. augusztus 31-ig adott halad\u00e9kot. Amelyik int\u00e9zm\u00e9ny ezt t\u00fall\u00e9pi, a b\u00edrs\u00e1g ak\u00e1r \u00e9vente 1 milli\u00f3 forint is lehet. Szolnokon h\u00e1rom iskola \u00e9rintett. Az \u00c9p\u00edt\u00e9szeti Szakk\u00f6z\u00e9piskol\u00e1nak nincs tornaterme, a Varga Katalin Gimn\u00e1ziumnak \u00e9s a II. R\u00e1k\u00f3czi Ferenc \u00c1ltal\u00e1nos Iskol\u00e1nak pedig nem megfelel\u0151 m\u00e9ret\u0171, illetve m\u0171szaki \u00e1llapot\u00fa. K\u00e9szek a tervek az \u00c9p\u00edt\u00e9szeti Faipari K\u00f6rnyezetgazd\u00e1lkod\u00e1si Szakk\u00f6z\u00e9p- \u00e9s Szakiskola tornaterm\u00e9re. Itt m\u00e1r az \u00f6nkorm\u00e1nyzattal egy\u00fctt a p\u00e1ly\u00e1zatot is beadt\u00e1k, most az elb\u00edr\u00e1l\u00e1sra v\u00e1rnak. Az iskol\u00e1kat fenntart\u00f3 szolnoki \u00f6nkorm\u00e1nyzatt\u00f3l megtudtuk, keresik a megold\u00e1st, ez\u00e9rt folyamatosan p\u00e1ly\u00e1znak, hogy a tornatermek min\u00e9l hamarabb fel\u00e9p\u00fclhessenek.<\/p>\n","protected":false},"excerpt":{"rendered":"<p>Szolnokon is bajba ker\u00fclhetnek iskol\u00e1k a tornatermek miatt. Az Oktat\u00e1si Miniszt\u00e9rium egy rendelete el\u0151\u00edrja, hogy az iskol\u00e1knak rendelkezni\u00fck kell tornateremmel. Az els\u0151 hat\u00e1rid\u0151 m\u00e1r lej\u00e1rt, de nincs minden\u00fctt tornaterem. A szakt\u00e1rca most 2008. augusztus 31-ig adott halad\u00e9kot. Amelyik int\u00e9zm\u00e9ny ezt t\u00fall\u00e9pi, a b\u00edrs\u00e1g ak\u00e1r \u00e9vente 1 milli\u00f3 forint is lehet. Szolnokon h\u00e1rom iskola \u00e9rintett. Az [&hellip;]<\/p>\n","protected":false},"author":2,"featured_media":0,"comment_status":"open","ping_status":"open","sticky":false,"template":"","format":"standard","meta":[],"categories":[24],"tags":[],"_links":{"self":[{"href":"http:\/\/archiv.szolnoktv.hu\/index.php?rest_route=\/wp\/v2\/posts\/30733"}],"collection":[{"href":"http:\/\/archiv.szolnoktv.hu\/index.php?rest_route=\/wp\/v2\/posts"}],"about":[{"href":"http:\/\/archiv.szolnoktv.hu\/index.php?rest_route=\/wp\/v2\/types\/post"}],"author":[{"embeddable":true,"href":"http:\/\/archiv.szolnoktv.hu\/index.php?rest_route=\/wp\/v2\/users\/2"}],"replies":[{"embeddable":true,"href":"http:\/\/archiv.szolnoktv.hu\/index.php?rest_route=%2Fwp%2Fv2%2Fcomments&post=30733"}],"version-history":[{"count":1,"href":"http:\/\/archiv.szolnoktv.hu\/index.php?rest_route=\/wp\/v2\/posts\/30733\/revisions"}],"predecessor-version":[{"id":30816,"href":"http:\/\/archiv.szolnoktv.hu\/index.php?rest_route=\/wp\/v2\/posts\/30733\/revisions\/30816"}],"wp:attachment":[{"href":"http:\/\/archiv.szolnoktv.hu\/index.php?rest_route=%2Fwp%2Fv2%2Fmedia&parent=30733"}],"wp:term":[{"taxonomy":"category","embeddable":true,"href":"http:\/\/archiv.szolnoktv.hu\/index.php?rest_route=%2Fwp%2Fv2%2Fcategories&post=30733"},{"taxonomy":"post_tag","embeddable":true,"href":"http:\/\/archiv.szolnoktv.hu\/index.php?rest_route=%2Fwp%2Fv2%2Ftags&post=30733"}],"curies":[{"name":"wp","href":"https:\/\/api.w.org\/{rel}","templated":true}]}}