{"id":30731,"date":"2008-03-13T01:41:01","date_gmt":"2008-03-13T01:41:01","guid":{"rendered":"http:\/\/archiv.szolnoktv.hu\/?p=30731"},"modified":"2021-11-17T11:50:59","modified_gmt":"2021-11-17T11:50:59","slug":"a-xxi-szazad-iskolaja-2","status":"publish","type":"post","link":"http:\/\/archiv.szolnoktv.hu\/?p=30731","title":{"rendered":"A XXI. sz\u00e1zad iskol\u00e1ja"},"content":{"rendered":"<div class='booster-block booster-read-block'><\/div><p>A Ruhaipari Szakk\u00f6z\u00e9p- \u00e9s Szakiskol\u00e1ban tartott\u00e1k a szakiskolai fejleszt\u00e9si program m\u00e1sodik \u00fctem\u00e9nek \u00e9rt\u00e9kel\u0151 konferenci\u00e1j\u00e1t. A programot m\u00e9g 2003-ban ind\u00edtotta el az oktat\u00e1si miniszt\u00e9rium azzal a c\u00e9llal, hogy jav\u00edtsa a szakk\u00e9pz\u00e9s min\u0151s\u00e9g\u00e9t \u00e9s n\u00f6velje a v\u00e9gzettek elhelyezked\u00e9s\u00e9nek es\u00e9lyeit. A RISZI, hetven iskol\u00e1val k\u00f6z\u00f6sen a fejleszt\u00e9si program m\u00e1sodik \u00fctemhez csatlakozott &#8211;  nem kis sikerrel. A di\u00e1kok munk\u00e1j\u00e1ban m\u00e1ris h\u00fasz sz\u00e1zal\u00e9kos fejl\u0151d\u00e9s \u00e9rz\u00e9kelhet\u0151.<\/p>\n","protected":false},"excerpt":{"rendered":"<p>A Ruhaipari Szakk\u00f6z\u00e9p- \u00e9s Szakiskol\u00e1ban tartott\u00e1k a szakiskolai fejleszt\u00e9si program m\u00e1sodik \u00fctem\u00e9nek \u00e9rt\u00e9kel\u0151 konferenci\u00e1j\u00e1t. A programot m\u00e9g 2003-ban ind\u00edtotta el az oktat\u00e1si miniszt\u00e9rium azzal a c\u00e9llal, hogy jav\u00edtsa a szakk\u00e9pz\u00e9s min\u0151s\u00e9g\u00e9t \u00e9s n\u00f6velje a v\u00e9gzettek elhelyezked\u00e9s\u00e9nek es\u00e9lyeit. A RISZI, hetven iskol\u00e1val k\u00f6z\u00f6sen a fejleszt\u00e9si program m\u00e1sodik \u00fctemhez csatlakozott &#8211; nem kis sikerrel. A di\u00e1kok munk\u00e1j\u00e1ban [&hellip;]<\/p>\n","protected":false},"author":2,"featured_media":0,"comment_status":"open","ping_status":"open","sticky":false,"template":"","format":"standard","meta":[],"categories":[24],"tags":[],"_links":{"self":[{"href":"http:\/\/archiv.szolnoktv.hu\/index.php?rest_route=\/wp\/v2\/posts\/30731"}],"collection":[{"href":"http:\/\/archiv.szolnoktv.hu\/index.php?rest_route=\/wp\/v2\/posts"}],"about":[{"href":"http:\/\/archiv.szolnoktv.hu\/index.php?rest_route=\/wp\/v2\/types\/post"}],"author":[{"embeddable":true,"href":"http:\/\/archiv.szolnoktv.hu\/index.php?rest_route=\/wp\/v2\/users\/2"}],"replies":[{"embeddable":true,"href":"http:\/\/archiv.szolnoktv.hu\/index.php?rest_route=%2Fwp%2Fv2%2Fcomments&post=30731"}],"version-history":[{"count":1,"href":"http:\/\/archiv.szolnoktv.hu\/index.php?rest_route=\/wp\/v2\/posts\/30731\/revisions"}],"predecessor-version":[{"id":30818,"href":"http:\/\/archiv.szolnoktv.hu\/index.php?rest_route=\/wp\/v2\/posts\/30731\/revisions\/30818"}],"wp:attachment":[{"href":"http:\/\/archiv.szolnoktv.hu\/index.php?rest_route=%2Fwp%2Fv2%2Fmedia&parent=30731"}],"wp:term":[{"taxonomy":"category","embeddable":true,"href":"http:\/\/archiv.szolnoktv.hu\/index.php?rest_route=%2Fwp%2Fv2%2Fcategories&post=30731"},{"taxonomy":"post_tag","embeddable":true,"href":"http:\/\/archiv.szolnoktv.hu\/index.php?rest_route=%2Fwp%2Fv2%2Ftags&post=30731"}],"curies":[{"name":"wp","href":"https:\/\/api.w.org\/{rel}","templated":true}]}}