{"id":30730,"date":"2008-03-13T01:40:23","date_gmt":"2008-03-13T01:40:23","guid":{"rendered":"http:\/\/archiv.szolnoktv.hu\/?p=30730"},"modified":"2021-11-17T11:51:00","modified_gmt":"2021-11-17T11:51:00","slug":"reklamtarlat","status":"publish","type":"post","link":"http:\/\/archiv.szolnoktv.hu\/?p=30730","title":{"rendered":"Rekl\u00e1mt\u00e1rlat"},"content":{"rendered":"<div class='booster-block booster-read-block'><\/div><p>A rekl\u00e1m N\u00e9metorsz\u00e1gban c\u00edmmel ki\u00e1ll\u00edt\u00e1s ny\u00edlt a Szolnoki F\u0151iskola k\u00f6nyvt\u00e1r\u00e1ban. A bemutatott anyag a rekl\u00e1mkult\u00fara fejl\u0151d\u00e9s\u00e9nek bemutat\u00e1s\u00e1n t\u00fal m\u00e9g a nyelvgyakorl\u00e1st is szolg\u00e1lja.<br \/>\nA ki\u00e1ll\u00edt\u00e1s megszervez\u00e9se a f\u0151iskola marketing stat\u00e9gi\u00e1j\u00e1nak r\u00e9sze, melynek f\u0151 c\u00e9lkit\u0171z\u00e9se, hogy az int\u00e9zm\u00e9nyt a gazdas\u00e1g f\u0151iskol\u00e1j\u00e1v\u00e1 alak\u00edts\u00e1k. Ennek egyik ter\u00fclete az \u00fczleti szerepl\u0151kkel  \u00e9s a k\u00f6z\u00e9piskol\u00e1kkal t\u00f6rt\u00e9n\u0151 rendszeres kapcsolattart\u00e1s. A ki\u00e1ll\u00edt\u00e1s a G\u00f6the Int\u00e9zet munkat\u00e1rsa r\u00e9v\u00e9n ker\u00fclt a szolnoki f\u0151iskol\u00e1ra. Stefan Mommetz el\u0151sorban a nyelv gyakorl\u00e1s\u00e1ra gondolt, de a n\u00e9met rekl\u00e1m fejl\u0151d\u00e9s\u00e9t bemutat\u00f3 anyag illeszkedik a szolnoki f\u0151iskola oktat\u00e1si gyakorlat\u00e1ba is.<\/p>\n","protected":false},"excerpt":{"rendered":"<p>A rekl\u00e1m N\u00e9metorsz\u00e1gban c\u00edmmel ki\u00e1ll\u00edt\u00e1s ny\u00edlt a Szolnoki F\u0151iskola k\u00f6nyvt\u00e1r\u00e1ban. A bemutatott anyag a rekl\u00e1mkult\u00fara fejl\u0151d\u00e9s\u00e9nek bemutat\u00e1s\u00e1n t\u00fal m\u00e9g a nyelvgyakorl\u00e1st is szolg\u00e1lja. A ki\u00e1ll\u00edt\u00e1s megszervez\u00e9se a f\u0151iskola marketing stat\u00e9gi\u00e1j\u00e1nak r\u00e9sze, melynek f\u0151 c\u00e9lkit\u0171z\u00e9se, hogy az int\u00e9zm\u00e9nyt a gazdas\u00e1g f\u0151iskol\u00e1j\u00e1v\u00e1 alak\u00edts\u00e1k. Ennek egyik ter\u00fclete az \u00fczleti szerepl\u0151kkel \u00e9s a k\u00f6z\u00e9piskol\u00e1kkal t\u00f6rt\u00e9n\u0151 rendszeres kapcsolattart\u00e1s. A ki\u00e1ll\u00edt\u00e1s [&hellip;]<\/p>\n","protected":false},"author":2,"featured_media":0,"comment_status":"open","ping_status":"open","sticky":false,"template":"","format":"standard","meta":[],"categories":[24],"tags":[],"_links":{"self":[{"href":"http:\/\/archiv.szolnoktv.hu\/index.php?rest_route=\/wp\/v2\/posts\/30730"}],"collection":[{"href":"http:\/\/archiv.szolnoktv.hu\/index.php?rest_route=\/wp\/v2\/posts"}],"about":[{"href":"http:\/\/archiv.szolnoktv.hu\/index.php?rest_route=\/wp\/v2\/types\/post"}],"author":[{"embeddable":true,"href":"http:\/\/archiv.szolnoktv.hu\/index.php?rest_route=\/wp\/v2\/users\/2"}],"replies":[{"embeddable":true,"href":"http:\/\/archiv.szolnoktv.hu\/index.php?rest_route=%2Fwp%2Fv2%2Fcomments&post=30730"}],"version-history":[{"count":1,"href":"http:\/\/archiv.szolnoktv.hu\/index.php?rest_route=\/wp\/v2\/posts\/30730\/revisions"}],"predecessor-version":[{"id":30819,"href":"http:\/\/archiv.szolnoktv.hu\/index.php?rest_route=\/wp\/v2\/posts\/30730\/revisions\/30819"}],"wp:attachment":[{"href":"http:\/\/archiv.szolnoktv.hu\/index.php?rest_route=%2Fwp%2Fv2%2Fmedia&parent=30730"}],"wp:term":[{"taxonomy":"category","embeddable":true,"href":"http:\/\/archiv.szolnoktv.hu\/index.php?rest_route=%2Fwp%2Fv2%2Fcategories&post=30730"},{"taxonomy":"post_tag","embeddable":true,"href":"http:\/\/archiv.szolnoktv.hu\/index.php?rest_route=%2Fwp%2Fv2%2Ftags&post=30730"}],"curies":[{"name":"wp","href":"https:\/\/api.w.org\/{rel}","templated":true}]}}