{"id":30724,"date":"2008-03-11T18:22:41","date_gmt":"2008-03-11T18:22:41","guid":{"rendered":"http:\/\/archiv.szolnoktv.hu\/?p=30724"},"modified":"2021-11-17T11:51:00","modified_gmt":"2021-11-17T11:51:00","slug":"tisza-tetozes","status":"publish","type":"post","link":"http:\/\/archiv.szolnoktv.hu\/?p=30724","title":{"rendered":"Tisza tet\u0151z\u00e9s"},"content":{"rendered":"<div class='booster-block booster-read-block'><\/div><p>Tet\u0151zik a Tisza Szolnokn\u00e1l. Ez\u00fattal is pontos volt a K\u00f6z\u00e9p-Tisza Vid\u00e9ki K\u00f6rnyezetv\u00e9delmi \u00e9s V\u00edz\u00fcgyi Igazgat\u00f3s\u00e1g szakembereinek el\u0151rejelz\u00e9se. \u00c1rv\u00edzv\u00e9delmi k\u00e9sz\u00fclts\u00e9get tov\u00e1bbra sem kell elrendelni a foly\u00f3 k\u00f6z\u00e9ps\u0151 szakasz\u00e1n.<br \/>\n586 centim\u00e9terrel tet\u0151z\u00f6tt ma reggel a Tisza Szolnokn\u00e1l, d\u00e9lut\u00e1nt\u00f3l pedig megkezd\u0151d\u00f6tt a lass\u00fa apad\u00e1s. Miut\u00e1n az els\u0151fok\u00fa \u00e1rv\u00edzv\u00e9delmi k\u00e9sz\u00fclts\u00e9get 650 centim\u00e9teres magass\u00e1gn\u00e1l rendeli el a v\u00edz\u00fcgy, \u00edgy a nappali figyel\u0151szolg\u00e1latra sem volt sz\u00fcks\u00e9g. A mostani \u00e1rhull\u00e1mot a Tisza v\u00edzgy\u0171jt\u0151j\u00e9n m\u00e1rcius elej\u00e9n egy nap alatt leesett f\u00e9l havi csapad\u00e9kmennyis\u00e9g ind\u00edtotta el, ugyanakkor ezen a ter\u00fcleten a h\u00f3ban t\u00e1rolt v\u00edzk\u00e9szlet a sok \u00e9ves \u00e1tlag alig 40 sz\u00e1zal\u00e9ka. Ez komolyabb vesz\u00e9lyt nem jelent, \u00edgy szinte teljesen biztosak a v\u00edz\u00fcgyi szakemberek abban, hogy a k\u00e9t \u00e9vvel ezel\u0151ttihez hasonl\u00f3 \u00e1rv\u00edzre most tavasszal nem kell sz\u00e1m\u00edtani.<\/p>\n","protected":false},"excerpt":{"rendered":"<p>Tet\u0151zik a Tisza Szolnokn\u00e1l. Ez\u00fattal is pontos volt a K\u00f6z\u00e9p-Tisza Vid\u00e9ki K\u00f6rnyezetv\u00e9delmi \u00e9s V\u00edz\u00fcgyi Igazgat\u00f3s\u00e1g szakembereinek el\u0151rejelz\u00e9se. \u00c1rv\u00edzv\u00e9delmi k\u00e9sz\u00fclts\u00e9get tov\u00e1bbra sem kell elrendelni a foly\u00f3 k\u00f6z\u00e9ps\u0151 szakasz\u00e1n. 586 centim\u00e9terrel tet\u0151z\u00f6tt ma reggel a Tisza Szolnokn\u00e1l, d\u00e9lut\u00e1nt\u00f3l pedig megkezd\u0151d\u00f6tt a lass\u00fa apad\u00e1s. Miut\u00e1n az els\u0151fok\u00fa \u00e1rv\u00edzv\u00e9delmi k\u00e9sz\u00fclts\u00e9get 650 centim\u00e9teres magass\u00e1gn\u00e1l rendeli el a v\u00edz\u00fcgy, \u00edgy a [&hellip;]<\/p>\n","protected":false},"author":2,"featured_media":0,"comment_status":"open","ping_status":"open","sticky":false,"template":"","format":"standard","meta":[],"categories":[24],"tags":[],"_links":{"self":[{"href":"http:\/\/archiv.szolnoktv.hu\/index.php?rest_route=\/wp\/v2\/posts\/30724"}],"collection":[{"href":"http:\/\/archiv.szolnoktv.hu\/index.php?rest_route=\/wp\/v2\/posts"}],"about":[{"href":"http:\/\/archiv.szolnoktv.hu\/index.php?rest_route=\/wp\/v2\/types\/post"}],"author":[{"embeddable":true,"href":"http:\/\/archiv.szolnoktv.hu\/index.php?rest_route=\/wp\/v2\/users\/2"}],"replies":[{"embeddable":true,"href":"http:\/\/archiv.szolnoktv.hu\/index.php?rest_route=%2Fwp%2Fv2%2Fcomments&post=30724"}],"version-history":[{"count":1,"href":"http:\/\/archiv.szolnoktv.hu\/index.php?rest_route=\/wp\/v2\/posts\/30724\/revisions"}],"predecessor-version":[{"id":30825,"href":"http:\/\/archiv.szolnoktv.hu\/index.php?rest_route=\/wp\/v2\/posts\/30724\/revisions\/30825"}],"wp:attachment":[{"href":"http:\/\/archiv.szolnoktv.hu\/index.php?rest_route=%2Fwp%2Fv2%2Fmedia&parent=30724"}],"wp:term":[{"taxonomy":"category","embeddable":true,"href":"http:\/\/archiv.szolnoktv.hu\/index.php?rest_route=%2Fwp%2Fv2%2Fcategories&post=30724"},{"taxonomy":"post_tag","embeddable":true,"href":"http:\/\/archiv.szolnoktv.hu\/index.php?rest_route=%2Fwp%2Fv2%2Ftags&post=30724"}],"curies":[{"name":"wp","href":"https:\/\/api.w.org\/{rel}","templated":true}]}}