{"id":30723,"date":"2008-03-11T18:21:00","date_gmt":"2008-03-11T18:21:00","guid":{"rendered":"http:\/\/archiv.szolnoktv.hu\/?p=30723"},"modified":"2021-11-17T11:51:00","modified_gmt":"2021-11-17T11:51:00","slug":"kossuth-teri-szokokutak-probauzem","status":"publish","type":"post","link":"http:\/\/archiv.szolnoktv.hu\/?p=30723","title":{"rendered":"Kossuth t\u00e9ri sz\u00f6k\u0151kutak pr\u00f3ba\u00fczem"},"content":{"rendered":"<div class='booster-block booster-read-block'><\/div><p>V\u00edzkit\u00f6r\u00e9s a Kossuth t\u00e9ren. Megkezd\u0151d\u00f6tt a sz\u00f6k\u0151kutak pr\u00f3ba\u00fczeme.<br \/>\nV\u00edzben \u00e1ll a Kossuth t\u00e9r. A nedvess\u00e9g azonban nem az id\u0151j\u00e1r\u00e1s szesz\u00e9lye miatt rekordnagys\u00e1g\u00fa, nem is a Nagy- Britanni\u00e1ban puszt\u00edt\u00f3 vihar az oka. Nagyon is tudatos a t\u00e9r el\u00e1raszt\u00e1sa. Megkezd\u0151d\u00f6tt a sz\u00f6k\u0151kutak pr\u00f3ba\u00fczeme. Aki a v\u00e1rosh\u00e1z\u00e1r\u00f3l, vagy a k\u00f6rny\u00e9kbeli lak\u00f3h\u00e1zakb\u00f3l n\u00e9zett ki, el\u0151sz\u00f6r azt gondolhatta, hogy itt az \u00f6z\u00f6nv\u00edzszer\u0171 es\u0151z\u00e9s. A v\u00edzoszlopok t\u00e9rdmagass\u00e1gt\u00f3l a m\u00e1sodik emeletig dolgoznak, a szakembereknek csak n\u00e9h\u00e1ny cs\u00f6vet kellett megtiszt\u00edtaniuk a zavartalan v\u00edz\u00e1raml\u00e1s \u00e9rdek\u00e9ben. Cs\u00fct\u00f6rt\u00f6k d\u00e9lut\u00e1n a sz\u00f6k\u0151kutakat m\u00e9g szebb\u00e9 var\u00e1zsl\u00f3 f\u00e9nyeffekteket is kipr\u00f3b\u00e1lj\u00e1k.<\/p>\n","protected":false},"excerpt":{"rendered":"<p>V\u00edzkit\u00f6r\u00e9s a Kossuth t\u00e9ren. Megkezd\u0151d\u00f6tt a sz\u00f6k\u0151kutak pr\u00f3ba\u00fczeme. V\u00edzben \u00e1ll a Kossuth t\u00e9r. A nedvess\u00e9g azonban nem az id\u0151j\u00e1r\u00e1s szesz\u00e9lye miatt rekordnagys\u00e1g\u00fa, nem is a Nagy- Britanni\u00e1ban puszt\u00edt\u00f3 vihar az oka. Nagyon is tudatos a t\u00e9r el\u00e1raszt\u00e1sa. Megkezd\u0151d\u00f6tt a sz\u00f6k\u0151kutak pr\u00f3ba\u00fczeme. Aki a v\u00e1rosh\u00e1z\u00e1r\u00f3l, vagy a k\u00f6rny\u00e9kbeli lak\u00f3h\u00e1zakb\u00f3l n\u00e9zett ki, el\u0151sz\u00f6r azt gondolhatta, hogy itt [&hellip;]<\/p>\n","protected":false},"author":2,"featured_media":0,"comment_status":"open","ping_status":"open","sticky":false,"template":"","format":"standard","meta":[],"categories":[24],"tags":[],"_links":{"self":[{"href":"http:\/\/archiv.szolnoktv.hu\/index.php?rest_route=\/wp\/v2\/posts\/30723"}],"collection":[{"href":"http:\/\/archiv.szolnoktv.hu\/index.php?rest_route=\/wp\/v2\/posts"}],"about":[{"href":"http:\/\/archiv.szolnoktv.hu\/index.php?rest_route=\/wp\/v2\/types\/post"}],"author":[{"embeddable":true,"href":"http:\/\/archiv.szolnoktv.hu\/index.php?rest_route=\/wp\/v2\/users\/2"}],"replies":[{"embeddable":true,"href":"http:\/\/archiv.szolnoktv.hu\/index.php?rest_route=%2Fwp%2Fv2%2Fcomments&post=30723"}],"version-history":[{"count":1,"href":"http:\/\/archiv.szolnoktv.hu\/index.php?rest_route=\/wp\/v2\/posts\/30723\/revisions"}],"predecessor-version":[{"id":30826,"href":"http:\/\/archiv.szolnoktv.hu\/index.php?rest_route=\/wp\/v2\/posts\/30723\/revisions\/30826"}],"wp:attachment":[{"href":"http:\/\/archiv.szolnoktv.hu\/index.php?rest_route=%2Fwp%2Fv2%2Fmedia&parent=30723"}],"wp:term":[{"taxonomy":"category","embeddable":true,"href":"http:\/\/archiv.szolnoktv.hu\/index.php?rest_route=%2Fwp%2Fv2%2Fcategories&post=30723"},{"taxonomy":"post_tag","embeddable":true,"href":"http:\/\/archiv.szolnoktv.hu\/index.php?rest_route=%2Fwp%2Fv2%2Ftags&post=30723"}],"curies":[{"name":"wp","href":"https:\/\/api.w.org\/{rel}","templated":true}]}}