{"id":30722,"date":"2008-03-11T18:17:19","date_gmt":"2008-03-11T18:17:19","guid":{"rendered":"http:\/\/archiv.szolnoktv.hu\/?p=30722"},"modified":"2021-11-17T11:51:01","modified_gmt":"2021-11-17T11:51:01","slug":"tavaszi-nagytakaritas-2","status":"publish","type":"post","link":"http:\/\/archiv.szolnoktv.hu\/?p=30722","title":{"rendered":"Tavaszi nagytakar\u00edt\u00e1s"},"content":{"rendered":"<div class='booster-block booster-read-block'><\/div><p>H\u00e9t elej\u00e9n megsz\u00e9p\u00fcl a v\u00e1ros. Nagytakar\u00edtanak ugyanis a gyerekek. Az \u00f6nkorm\u00e1nyzat akci\u00f3j\u00e1hoz 38 \u00f3voda \u00e9s iskola, valamint a Remondis Zrt, \u00e9s a Munkalehets\u0151\u00e9g a j\u00f6v\u0151\u00e9rt kht is csatlakozott.<br \/>\nA v\u00e1ros sz\u00e1mos parkja megsz\u00e9p\u00fclt h\u00e9tf\u0151 d\u00e9lel\u0151tt. A k\u00f6zter\u00fcleteket azok az \u00f3vod\u00e1sok \u00e9s iskol\u00e1sok tett\u00e9k rendbe akik csatlakoztak az \u00f6nkorm\u00e1nyzat tavaszi nagytakar\u00edt\u00e1si akci\u00f3j\u00e1hoz. Kitakar\u00edtott\u00e1k a Verseghy parkot, az E\u00f6tv\u00f6s teret. Kedden is t\u00f6bb helyen folytat\u00f3dik a munka, p\u00e9ld\u00e1ul a Tisza parti s\u00e9t\u00e1nyon, ahol a Tiszapartisok ragadnak zs\u00e1kokat \u00e9s gerebly\u00e9t testnevel\u00e9s gyan\u00e1nt.<\/p>\n","protected":false},"excerpt":{"rendered":"<p>H\u00e9t elej\u00e9n megsz\u00e9p\u00fcl a v\u00e1ros. Nagytakar\u00edtanak ugyanis a gyerekek. Az \u00f6nkorm\u00e1nyzat akci\u00f3j\u00e1hoz 38 \u00f3voda \u00e9s iskola, valamint a Remondis Zrt, \u00e9s a Munkalehets\u0151\u00e9g a j\u00f6v\u0151\u00e9rt kht is csatlakozott. A v\u00e1ros sz\u00e1mos parkja megsz\u00e9p\u00fclt h\u00e9tf\u0151 d\u00e9lel\u0151tt. A k\u00f6zter\u00fcleteket azok az \u00f3vod\u00e1sok \u00e9s iskol\u00e1sok tett\u00e9k rendbe akik csatlakoztak az \u00f6nkorm\u00e1nyzat tavaszi nagytakar\u00edt\u00e1si akci\u00f3j\u00e1hoz. Kitakar\u00edtott\u00e1k a Verseghy parkot, [&hellip;]<\/p>\n","protected":false},"author":2,"featured_media":0,"comment_status":"open","ping_status":"open","sticky":false,"template":"","format":"standard","meta":[],"categories":[24],"tags":[],"_links":{"self":[{"href":"http:\/\/archiv.szolnoktv.hu\/index.php?rest_route=\/wp\/v2\/posts\/30722"}],"collection":[{"href":"http:\/\/archiv.szolnoktv.hu\/index.php?rest_route=\/wp\/v2\/posts"}],"about":[{"href":"http:\/\/archiv.szolnoktv.hu\/index.php?rest_route=\/wp\/v2\/types\/post"}],"author":[{"embeddable":true,"href":"http:\/\/archiv.szolnoktv.hu\/index.php?rest_route=\/wp\/v2\/users\/2"}],"replies":[{"embeddable":true,"href":"http:\/\/archiv.szolnoktv.hu\/index.php?rest_route=%2Fwp%2Fv2%2Fcomments&post=30722"}],"version-history":[{"count":1,"href":"http:\/\/archiv.szolnoktv.hu\/index.php?rest_route=\/wp\/v2\/posts\/30722\/revisions"}],"predecessor-version":[{"id":30827,"href":"http:\/\/archiv.szolnoktv.hu\/index.php?rest_route=\/wp\/v2\/posts\/30722\/revisions\/30827"}],"wp:attachment":[{"href":"http:\/\/archiv.szolnoktv.hu\/index.php?rest_route=%2Fwp%2Fv2%2Fmedia&parent=30722"}],"wp:term":[{"taxonomy":"category","embeddable":true,"href":"http:\/\/archiv.szolnoktv.hu\/index.php?rest_route=%2Fwp%2Fv2%2Fcategories&post=30722"},{"taxonomy":"post_tag","embeddable":true,"href":"http:\/\/archiv.szolnoktv.hu\/index.php?rest_route=%2Fwp%2Fv2%2Ftags&post=30722"}],"curies":[{"name":"wp","href":"https:\/\/api.w.org\/{rel}","templated":true}]}}