{"id":30719,"date":"2008-03-05T20:03:18","date_gmt":"2008-03-05T20:03:18","guid":{"rendered":"http:\/\/archiv.szolnoktv.hu\/?p=30719"},"modified":"2021-11-17T11:51:01","modified_gmt":"2021-11-17T11:51:01","slug":"sztalin-jubileum","status":"publish","type":"post","link":"http:\/\/archiv.szolnoktv.hu\/?p=30719","title":{"rendered":"Szt\u00e1lin jubileum"},"content":{"rendered":"<div class='booster-block booster-read-block'><\/div><p>&#8220;Egy ember hal\u00e1la trag\u00e9dia. Egymilli\u00f3\u00e9 statisztika.&#8221;&#8221; A cinikus b\u00f6lcselet Szt\u00e1lint\u00f3l sz\u00e1rmazik. A n\u00e9pek nagy tan\u00edt\u00f3mestere \u00f6tven\u00f6t \u00e9vvel ezel\u0151tt ezen a napon k\u00f6lt\u00f6z\u00f6tt \u00e1t a pokol f\u0151titk\u00e1ri sz\u00e9k\u00e9be.   &#8221;<br \/>\nA huszadik sz\u00e1zad vil\u00e1gt\u00f6rt\u00e9nelme t\u00f6bb v\u00e9reskez\u0171 dikt\u00e1torral is sz\u00e9gyenkezhet. A bolsevista terror tov\u00e1bbfejleszt\u0151je Joszep Visszarionovics Dzsugasvili n\u00e9ven sz\u00fcletett a gr\u00faziai Goriban. A k\u00e9s\u0151bbi generalisszimusz meglep\u0151 m\u00f3don a tbiliszi ortodox papi szemin\u00e1riumba j\u00e1rt, majd a papneveld\u00e9t elhagyva t\u00e1vird\u00e1sz lett. A c\u00e1ri Oroszorsz\u00e1gban kisebb- nagyobb robbant\u00e1sokat, terrorakci\u00f3kat r\u00f3ttak fel neki, ekkor vette fel a Szt\u00e1lin nevet. Az elvt\u00e1rsai \u00e1ltal Kob\u00e1nak is nevezett Szt\u00e1lin karrierje az illeg\u00e1lis kommunista p\u00e1rtban is emelkedett. Ekkor ker\u00fclt k\u00f6zeli bar\u00e1ts\u00e1gba azokkal, akiket hatalomra jut\u00e1sa ut\u00e1n kiv\u00e9geztetett: a Mexik\u00f3ba menek\u00fclt Trockij ut\u00e1n b\u00e9rgyilkost k\u00fcld\u00f6tt, Kamenyevet Szovjet- Oroszorsz\u00e1gban v\u00e9geztette ki. A Lenin hal\u00e1la ut\u00e1ni hatalmi harcb\u00f3l \u0151 ker\u00fclt ki gy\u0151ztesen. Ekkort\u00f3l kezdte ki\u00e9p\u00edteni elrettent\u00e9sen alapul\u00f3 egyszem\u00e9lyi hatalm\u00e1t. Milli\u00f3sz\u00e1mra deport\u00e1ltak a sarkk\u00f6r\u00f6n t\u00falra \u00e9rtelmis\u00e9gieket, &#8220;m\u00e1sk\u00e9nt gondolkod\u00f3kat&#8221;&#8221;<br \/>\nsz\u00e1zezr\u00e9vel v\u00e9geztek ki hith\u0171 kommunist\u00e1kat<br \/>\nkatonatiszteket<\/p>\n","protected":false},"excerpt":{"rendered":"<p>&#8220;Egy ember hal\u00e1la trag\u00e9dia. Egymilli\u00f3\u00e9 statisztika.&#8221;&#8221; A cinikus b\u00f6lcselet Szt\u00e1lint\u00f3l sz\u00e1rmazik. A n\u00e9pek nagy tan\u00edt\u00f3mestere \u00f6tven\u00f6t \u00e9vvel ezel\u0151tt ezen a napon k\u00f6lt\u00f6z\u00f6tt \u00e1t a pokol f\u0151titk\u00e1ri sz\u00e9k\u00e9be. &#8221; A huszadik sz\u00e1zad vil\u00e1gt\u00f6rt\u00e9nelme t\u00f6bb v\u00e9reskez\u0171 dikt\u00e1torral is sz\u00e9gyenkezhet. A bolsevista terror tov\u00e1bbfejleszt\u0151je Joszep Visszarionovics Dzsugasvili n\u00e9ven sz\u00fcletett a gr\u00faziai Goriban. A k\u00e9s\u0151bbi generalisszimusz meglep\u0151 m\u00f3don a [&hellip;]<\/p>\n","protected":false},"author":2,"featured_media":0,"comment_status":"open","ping_status":"open","sticky":false,"template":"","format":"standard","meta":[],"categories":[24],"tags":[],"_links":{"self":[{"href":"http:\/\/archiv.szolnoktv.hu\/index.php?rest_route=\/wp\/v2\/posts\/30719"}],"collection":[{"href":"http:\/\/archiv.szolnoktv.hu\/index.php?rest_route=\/wp\/v2\/posts"}],"about":[{"href":"http:\/\/archiv.szolnoktv.hu\/index.php?rest_route=\/wp\/v2\/types\/post"}],"author":[{"embeddable":true,"href":"http:\/\/archiv.szolnoktv.hu\/index.php?rest_route=\/wp\/v2\/users\/2"}],"replies":[{"embeddable":true,"href":"http:\/\/archiv.szolnoktv.hu\/index.php?rest_route=%2Fwp%2Fv2%2Fcomments&post=30719"}],"version-history":[{"count":1,"href":"http:\/\/archiv.szolnoktv.hu\/index.php?rest_route=\/wp\/v2\/posts\/30719\/revisions"}],"predecessor-version":[{"id":30830,"href":"http:\/\/archiv.szolnoktv.hu\/index.php?rest_route=\/wp\/v2\/posts\/30719\/revisions\/30830"}],"wp:attachment":[{"href":"http:\/\/archiv.szolnoktv.hu\/index.php?rest_route=%2Fwp%2Fv2%2Fmedia&parent=30719"}],"wp:term":[{"taxonomy":"category","embeddable":true,"href":"http:\/\/archiv.szolnoktv.hu\/index.php?rest_route=%2Fwp%2Fv2%2Fcategories&post=30719"},{"taxonomy":"post_tag","embeddable":true,"href":"http:\/\/archiv.szolnoktv.hu\/index.php?rest_route=%2Fwp%2Fv2%2Ftags&post=30719"}],"curies":[{"name":"wp","href":"https:\/\/api.w.org\/{rel}","templated":true}]}}