{"id":30718,"date":"2008-03-05T20:01:40","date_gmt":"2008-03-05T20:01:40","guid":{"rendered":"http:\/\/archiv.szolnoktv.hu\/?p=30718"},"modified":"2021-11-17T11:51:01","modified_gmt":"2021-11-17T11:51:01","slug":"szefbeszerzes","status":"publish","type":"post","link":"http:\/\/archiv.szolnoktv.hu\/?p=30718","title":{"rendered":"Sz\u00e9fbeszerz\u00e9s"},"content":{"rendered":"<div class='booster-block booster-read-block'><\/div><p>Kics\u00fasznak a sz\u00e9fek beszerel\u00e9si hat\u00e1ridej\u00e9b\u0151l a k\u00f3rh\u00e1zak. M\u00e1rcius nyolcadik\u00e1ra sem a Het\u00e9nyibe, sem a M\u00c1V K\u00f3rh\u00e1zba nem \u00e9rkeztek meg a biztons\u00e1gi szekr\u00e9nyek.<br \/>\nH\u00e1rom nap m\u00falva lej\u00e1r a k\u00f3rh\u00e1zi sz\u00e9fek beszerel\u00e9s\u00e9re el\u0151\u00edrt hat\u00e1rid\u0151, a szolnoki k\u00f3rh\u00e1zakba azonban m\u00e9g nem \u00e9rkeztek meg a sz\u00e9fek. A miniszt\u00e9riumi rendelet megjelen\u00e9se ut\u00e1n mindk\u00e9t k\u00f3rh\u00e1z leadta a megrendel\u00e9st, \u00e1m a gy\u00e1rt\u00f3 c\u00e9g csak h\u00f3napos hat\u00e1rid\u0151vel v\u00e1llalta azt. A k\u00f3rh\u00e1zak rem\u00e9lik, nem lesz nagyobb probl\u00e9ma abb\u00f3l, hogy kics\u00fasznak a hat\u00e1rid\u0151b\u0151l. A Het\u00e9nyi G\u00e9za K\u00f3rh\u00e1z 1125 sz\u00e9fet rendelt, melyek meg\u00e9rkez\u00e9se \u00e1prilis k\u00f6zep\u00e9ig v\u00e1rhat\u00f3. A M\u00c1V K\u00f3rh\u00e1z 280 biztons\u00e1gi szekr\u00e9ny\u00e9t szint\u00e9n \u00e1prilisra v\u00e1rj\u00e1k, mivel lesz\u00e1ll\u00edt\u00e1s\u00e1t h\u00e1rom h\u00f3napos \u00e1tfut\u00e1si hat\u00e1rid\u0151vel v\u00e1llalta a sz\u00e1ll\u00edt\u00f3. A betegek addig az oszt\u00e1lyokon elhelyezett p\u00e1nc\u00e9lszekr\u00e9nyben t\u00e1rolhatj\u00e1k \u00e9rt\u00e9keiket. Horv\u00e1th \u00c1gnes eg\u00e9szs\u00e9g\u00fcgyi miniszter kedden napilapoknak azt nyilatkozta: sz\u00f3 sincs arr\u00f3l, hogy ne b\u00fcntetn\u00e9k meg a sz\u00e9fbeszerel\u00e9st elmulaszt\u00f3 k\u00f3rh\u00e1zakat. M\u00e1rcius 9-e a hat\u00e1rid\u0151, addig minden k\u00f3rh\u00e1znak igazolnia kell, hogy legal\u00e1bb m\u00e1r megrendelte a sz\u00e9feket.<\/p>\n","protected":false},"excerpt":{"rendered":"<p>Kics\u00fasznak a sz\u00e9fek beszerel\u00e9si hat\u00e1ridej\u00e9b\u0151l a k\u00f3rh\u00e1zak. M\u00e1rcius nyolcadik\u00e1ra sem a Het\u00e9nyibe, sem a M\u00c1V K\u00f3rh\u00e1zba nem \u00e9rkeztek meg a biztons\u00e1gi szekr\u00e9nyek. H\u00e1rom nap m\u00falva lej\u00e1r a k\u00f3rh\u00e1zi sz\u00e9fek beszerel\u00e9s\u00e9re el\u0151\u00edrt hat\u00e1rid\u0151, a szolnoki k\u00f3rh\u00e1zakba azonban m\u00e9g nem \u00e9rkeztek meg a sz\u00e9fek. A miniszt\u00e9riumi rendelet megjelen\u00e9se ut\u00e1n mindk\u00e9t k\u00f3rh\u00e1z leadta a megrendel\u00e9st, \u00e1m a gy\u00e1rt\u00f3 [&hellip;]<\/p>\n","protected":false},"author":2,"featured_media":0,"comment_status":"open","ping_status":"open","sticky":false,"template":"","format":"standard","meta":[],"categories":[24],"tags":[],"_links":{"self":[{"href":"http:\/\/archiv.szolnoktv.hu\/index.php?rest_route=\/wp\/v2\/posts\/30718"}],"collection":[{"href":"http:\/\/archiv.szolnoktv.hu\/index.php?rest_route=\/wp\/v2\/posts"}],"about":[{"href":"http:\/\/archiv.szolnoktv.hu\/index.php?rest_route=\/wp\/v2\/types\/post"}],"author":[{"embeddable":true,"href":"http:\/\/archiv.szolnoktv.hu\/index.php?rest_route=\/wp\/v2\/users\/2"}],"replies":[{"embeddable":true,"href":"http:\/\/archiv.szolnoktv.hu\/index.php?rest_route=%2Fwp%2Fv2%2Fcomments&post=30718"}],"version-history":[{"count":1,"href":"http:\/\/archiv.szolnoktv.hu\/index.php?rest_route=\/wp\/v2\/posts\/30718\/revisions"}],"predecessor-version":[{"id":30831,"href":"http:\/\/archiv.szolnoktv.hu\/index.php?rest_route=\/wp\/v2\/posts\/30718\/revisions\/30831"}],"wp:attachment":[{"href":"http:\/\/archiv.szolnoktv.hu\/index.php?rest_route=%2Fwp%2Fv2%2Fmedia&parent=30718"}],"wp:term":[{"taxonomy":"category","embeddable":true,"href":"http:\/\/archiv.szolnoktv.hu\/index.php?rest_route=%2Fwp%2Fv2%2Fcategories&post=30718"},{"taxonomy":"post_tag","embeddable":true,"href":"http:\/\/archiv.szolnoktv.hu\/index.php?rest_route=%2Fwp%2Fv2%2Ftags&post=30718"}],"curies":[{"name":"wp","href":"https:\/\/api.w.org\/{rel}","templated":true}]}}