{"id":30715,"date":"2008-03-05T19:54:53","date_gmt":"2008-03-05T19:54:53","guid":{"rendered":"http:\/\/archiv.szolnoktv.hu\/?p=30715"},"modified":"2021-11-17T11:51:01","modified_gmt":"2021-11-17T11:51:01","slug":"keszenlet-a-vizmuveknel","status":"publish","type":"post","link":"http:\/\/archiv.szolnoktv.hu\/?p=30715","title":{"rendered":"K\u00e9szenl\u00e9t a v\u00edzm\u0171vekn\u00e9l"},"content":{"rendered":"<div class='booster-block booster-read-block'><\/div><p>Mind minden \u00e9vben, a v\u00edzm\u0171vek id\u00e9n is k\u00e9szenl\u00e9ti gyakorlatot tart. Ezen a h\u00e9ten az iv\u00f3v\u00edz nem az \u00e9l\u0151, hanem a holt Tisz\u00e1b\u00f3l jut el a h\u00e1ztart\u00e1sokba.<br \/>\nTiszta v\u00edz a tartal\u00e9k b\u00e1zisb\u00f3l. A k\u00e9tezres \u00e9vek cianid- \u00e9s egy\u00e9b neh\u00e9zf\u00e9m szennyez\u00e9sei ut\u00e1n, a hasonl\u00f3 katasztr\u00f3f\u00e1k megel\u0151z\u00e9se \u00e9rdek\u00e9ben a holt Tisza lett a megyesz\u00e9khely tartal\u00e9k iv\u00f3v\u00edz b\u00e1zisa. A v\u00edzm\u0171vek 1999- ben \u00e1tadott felsz\u00edni v\u00edztiszt\u00edt\u00f3j\u00e1n \u00e1tfoly\u00f3 v\u00edz nem csak a majd nyolcvanezres v\u00e1rost, de h\u00e9t k\u00f6rny\u00e9kbeli telep\u00fcl\u00e9s\u00e9t is ell\u00e1tja tiszta v\u00edzzel. Felt\u00e9telezett k\u00f6rnyezeti katasztr\u00f3f\u00e1t modellez ezen a h\u00e9ten a szolg\u00e1ltat\u00f3. Mivel a holt Tisza k\u00e9mhat\u00e1sa n\u00e9mik\u00e9pp elt\u00e9r az \u00e9l\u0151 foly\u00f3\u00e9t\u00f3l, ez\u00e9rt t\u00f6bbf\u00e9le k\u00e9miai anyaggal tiszt\u00edtj\u00e1k az onnan \u00e9rkez\u0151 vizet. P\u00e9d\u00e1ul \u00f3zonnal. A h\u00e1romatomos oxig\u00e9nmolekula megk\u00f6ti a holt Tisza jellegzetes szag\u00e1t okoz\u00f3 vegy\u00fcleteket, ezzel a h\u00e1l\u00f3zatba ker\u00fcl\u0151 v\u00edz k\u00e9mhat\u00e1sa, azaz pH \u00e9rt\u00e9ke be\u00e1ll a megszokott szintre. A tartal\u00e9k iv\u00f3v\u00edz b\u00e1zisb\u00f3l \u00f3r\u00e1nk\u00e9nt ezer k\u00f6bm\u00e9ter vizet emelnek ki, tiszt\u00edt\u00e1s ut\u00e1n ez jut el a k\u00e9t nagy szolnoki v\u00edztoronyba. A k\u00e9szenl\u00e9t ideje alatt villanyszerel\u0151t\u0151l lakatosig, laborasszisztenst\u0151l \u00fczemm\u00e9rn\u00f6kig mindenki dolgozik: mintha val\u00f3ban baj lenne. A technol\u00f3giai \u00e1t\u00e1ll\u00e1st, a vegyszerek adagol\u00e1s\u00e1t k\u00e9szs\u00e9gszintre kell fejleszteni. H\u00e9tf\u0151 \u00f3ta a holt tiszai tiszt\u00edtott v\u00edz folyik a szolnoki csapokb\u00f3l. Eddig egyetlen panasz sem \u00e9rkezett a v\u00edz min\u0151s\u00e9g\u00e9t illet\u0151en.<\/p>\n","protected":false},"excerpt":{"rendered":"<p>Mind minden \u00e9vben, a v\u00edzm\u0171vek id\u00e9n is k\u00e9szenl\u00e9ti gyakorlatot tart. Ezen a h\u00e9ten az iv\u00f3v\u00edz nem az \u00e9l\u0151, hanem a holt Tisz\u00e1b\u00f3l jut el a h\u00e1ztart\u00e1sokba. Tiszta v\u00edz a tartal\u00e9k b\u00e1zisb\u00f3l. A k\u00e9tezres \u00e9vek cianid- \u00e9s egy\u00e9b neh\u00e9zf\u00e9m szennyez\u00e9sei ut\u00e1n, a hasonl\u00f3 katasztr\u00f3f\u00e1k megel\u0151z\u00e9se \u00e9rdek\u00e9ben a holt Tisza lett a megyesz\u00e9khely tartal\u00e9k iv\u00f3v\u00edz b\u00e1zisa. A [&hellip;]<\/p>\n","protected":false},"author":2,"featured_media":0,"comment_status":"open","ping_status":"open","sticky":false,"template":"","format":"standard","meta":[],"categories":[24],"tags":[],"_links":{"self":[{"href":"http:\/\/archiv.szolnoktv.hu\/index.php?rest_route=\/wp\/v2\/posts\/30715"}],"collection":[{"href":"http:\/\/archiv.szolnoktv.hu\/index.php?rest_route=\/wp\/v2\/posts"}],"about":[{"href":"http:\/\/archiv.szolnoktv.hu\/index.php?rest_route=\/wp\/v2\/types\/post"}],"author":[{"embeddable":true,"href":"http:\/\/archiv.szolnoktv.hu\/index.php?rest_route=\/wp\/v2\/users\/2"}],"replies":[{"embeddable":true,"href":"http:\/\/archiv.szolnoktv.hu\/index.php?rest_route=%2Fwp%2Fv2%2Fcomments&post=30715"}],"version-history":[{"count":1,"href":"http:\/\/archiv.szolnoktv.hu\/index.php?rest_route=\/wp\/v2\/posts\/30715\/revisions"}],"predecessor-version":[{"id":30834,"href":"http:\/\/archiv.szolnoktv.hu\/index.php?rest_route=\/wp\/v2\/posts\/30715\/revisions\/30834"}],"wp:attachment":[{"href":"http:\/\/archiv.szolnoktv.hu\/index.php?rest_route=%2Fwp%2Fv2%2Fmedia&parent=30715"}],"wp:term":[{"taxonomy":"category","embeddable":true,"href":"http:\/\/archiv.szolnoktv.hu\/index.php?rest_route=%2Fwp%2Fv2%2Fcategories&post=30715"},{"taxonomy":"post_tag","embeddable":true,"href":"http:\/\/archiv.szolnoktv.hu\/index.php?rest_route=%2Fwp%2Fv2%2Ftags&post=30715"}],"curies":[{"name":"wp","href":"https:\/\/api.w.org\/{rel}","templated":true}]}}