{"id":30714,"date":"2008-03-05T19:51:31","date_gmt":"2008-03-05T19:51:31","guid":{"rendered":"http:\/\/archiv.szolnoktv.hu\/?p=30714"},"modified":"2021-11-17T11:51:01","modified_gmt":"2021-11-17T11:51:01","slug":"szombaton-csatat-nyerunk","status":"publish","type":"post","link":"http:\/\/archiv.szolnoktv.hu\/?p=30714","title":{"rendered":"Szombaton csat\u00e1t nyer\u00fcnk"},"content":{"rendered":"<div class='booster-block booster-read-block'><\/div><p>Imm\u00e1ron tizenegyedszer eml\u00e9keznek meg korh\u0171 ruh\u00e1kban a 159 \u00e9vvel ezel\u0151tti szolnoki csat\u00e1r\u00f3l. A dics\u0151s\u00e9ges tavaszi hadj\u00e1rat els\u0151 \u00e9s hitet ad\u00f3 gy\u0151zelme nemcsak Damjanich J\u00e1nos t\u00e1bornok, hanem V\u00e9csey K\u00e1roly hadtest\u00e9nek diadala is volt. \u00d5k Szanda fel\u0151l tartott\u00e1k f\u00f6l a labancokat, m\u00edg a v\u00f6r\u00f6ssipk\u00e1sok elfoglalt\u00e1k a v\u00e1rost.<br \/>\ngy\u0151zelem ma m\u00e1r a magyar t\u00f6rt\u00e9nelem aranyk\u00f6nyv\u00e9nek egyik legszebb lapja. A v\u00f6r\u00f6ssipk\u00e1sok el\u0171zt\u00e9k a cs\u00e1sz\u00e1ri csapatokat Szolnokr\u00f3l \u00e9s ebben Damjanich t\u00e1bornoknak, Szolnok akkori orsz\u00e1ggy\u0171l\u00e9si k\u00e9pvisel\u0151j\u00e9nek, katonai tud\u00e1s\u00e1nak nagy szerepe volt. M\u00e1rcius nyolcadik\u00e1n d\u00e9lut\u00e1n k\u00e9t \u00f3rakor ism\u00e9t eld\u00f6rd\u00fcl az \u00e1gy\u00fa a Tiszaparti Gimn\u00e1zium el\u0151tt foly\u00f3parton \u00e9s egym\u00e1snak fesz\u00fclnek a szabads\u00e1gharc magyarjai, lengyeljei \u00e9s az osztr\u00e1k cs\u00e1sz\u00e1r katon\u00e1i, hogy megid\u00e9zz\u00e9k a t\u00f6rt\u00e9nelmet. Mindebben seg\u00edt a Szolnok t\u00f6rt\u00e9nelmi hagyom\u00e1ny\u00f6rz\u0151 alap\u00edtv\u00e1ny Udovecz Gy\u00f6rgy vezet\u00e9s\u00e9vel. T\u0151le tudjuk, hogy olasz, lengyel hagyom\u00e1ny\u0151rz\u0151k is megtisztelik a a v\u00e1rost.<\/p>\n","protected":false},"excerpt":{"rendered":"<p>Imm\u00e1ron tizenegyedszer eml\u00e9keznek meg korh\u0171 ruh\u00e1kban a 159 \u00e9vvel ezel\u0151tti szolnoki csat\u00e1r\u00f3l. A dics\u0151s\u00e9ges tavaszi hadj\u00e1rat els\u0151 \u00e9s hitet ad\u00f3 gy\u0151zelme nemcsak Damjanich J\u00e1nos t\u00e1bornok, hanem V\u00e9csey K\u00e1roly hadtest\u00e9nek diadala is volt. \u00d5k Szanda fel\u0151l tartott\u00e1k f\u00f6l a labancokat, m\u00edg a v\u00f6r\u00f6ssipk\u00e1sok elfoglalt\u00e1k a v\u00e1rost. gy\u0151zelem ma m\u00e1r a magyar t\u00f6rt\u00e9nelem aranyk\u00f6nyv\u00e9nek egyik legszebb lapja. [&hellip;]<\/p>\n","protected":false},"author":2,"featured_media":0,"comment_status":"open","ping_status":"open","sticky":false,"template":"","format":"standard","meta":[],"categories":[24],"tags":[],"_links":{"self":[{"href":"http:\/\/archiv.szolnoktv.hu\/index.php?rest_route=\/wp\/v2\/posts\/30714"}],"collection":[{"href":"http:\/\/archiv.szolnoktv.hu\/index.php?rest_route=\/wp\/v2\/posts"}],"about":[{"href":"http:\/\/archiv.szolnoktv.hu\/index.php?rest_route=\/wp\/v2\/types\/post"}],"author":[{"embeddable":true,"href":"http:\/\/archiv.szolnoktv.hu\/index.php?rest_route=\/wp\/v2\/users\/2"}],"replies":[{"embeddable":true,"href":"http:\/\/archiv.szolnoktv.hu\/index.php?rest_route=%2Fwp%2Fv2%2Fcomments&post=30714"}],"version-history":[{"count":1,"href":"http:\/\/archiv.szolnoktv.hu\/index.php?rest_route=\/wp\/v2\/posts\/30714\/revisions"}],"predecessor-version":[{"id":30835,"href":"http:\/\/archiv.szolnoktv.hu\/index.php?rest_route=\/wp\/v2\/posts\/30714\/revisions\/30835"}],"wp:attachment":[{"href":"http:\/\/archiv.szolnoktv.hu\/index.php?rest_route=%2Fwp%2Fv2%2Fmedia&parent=30714"}],"wp:term":[{"taxonomy":"category","embeddable":true,"href":"http:\/\/archiv.szolnoktv.hu\/index.php?rest_route=%2Fwp%2Fv2%2Fcategories&post=30714"},{"taxonomy":"post_tag","embeddable":true,"href":"http:\/\/archiv.szolnoktv.hu\/index.php?rest_route=%2Fwp%2Fv2%2Ftags&post=30714"}],"curies":[{"name":"wp","href":"https:\/\/api.w.org\/{rel}","templated":true}]}}