{"id":30713,"date":"2008-03-05T19:43:54","date_gmt":"2008-03-05T19:43:54","guid":{"rendered":"http:\/\/archiv.szolnoktv.hu\/?p=30713"},"modified":"2021-11-17T11:51:01","modified_gmt":"2021-11-17T11:51:01","slug":"szocialis-terkep","status":"publish","type":"post","link":"http:\/\/archiv.szolnoktv.hu\/?p=30713","title":{"rendered":"Szoci\u00e1lis t\u00e9rk\u00e9p"},"content":{"rendered":"<div class='booster-block booster-read-block'><\/div><p>Mindenki m\u00e1sk\u00e9pp csin\u00e1lja. Jobb j\u00f6vedelm&#251;, k\u00f6zponti helyen lak\u00f3, vagy k\u00e9pzettebb emberek t\u00f6bbet t\u00f6r&#245;dnek eg\u00e9szs\u00e9g\u00fckkel. Ez der\u00fclt ki a legfrissebb szoci\u00e1lis t\u00e9rk\u00e9pb&#245;l, amely Szolnokot vizsg\u00e1lta.<br \/>\nK\u00fcl\u00f6nb\u00f6z&#245;ek vagyunk. Szolnokon sincs ez m\u00e1sk\u00e9pp, b\u00e1r a most elk\u00e9sz\u00fclt szoci\u00e1lis t\u00e9rk\u00e9p \u00e9lesebb hat\u00e1rokat v\u00e1zol. A Tiszta sz\u00edvvel Szolnok\u00e9rt sz&#251;roprogram aprop\u00f3j\u00e1n is felmer\u00fclt: a t\u00e1rsadalmi helyzet \u00e9s a lak\u00f3k\u00f6rnyezet meghat\u00e1roz\u00f3. Individualista t\u00e1rsadalomban \u00e9l\u00fcnk-\u00e1llap\u00edtja meg Szarv\u00e1k Tibor szociol\u00f3gus- Szolnokon  is \u00e9rv\u00e9nyes: a k\u00fclter\u00fcletek lak\u00f3it nehezebb kimozd\u00edtani,pedig \u00e9ppen itt \u00e9lnek azok, akiknek sz\u00fcks\u00e9g\u00fck lenne a k\u00fcl\u00f6nb\u00f6z&#245; sz&#251;r&#245; \u00e9s eg\u00e9szs\u00e9gmeg&#245;rz&#245; \u00e9s megel&#245;z&#245; programokra.A frissen elk\u00e9sz\u00edtett szoci\u00e1lis t\u00e9rk\u00e9p szerint az itt lak\u00f3knak hi\u00e1nyzik az akt\u00edv k\u00f6z\u00f6ss\u00e9gi \u00e9let,de ennek p\u00f3tl\u00e1s\u00e1\u00e9rt nem utaznak be a k\u00f6zpontba.Mi\u00e9rt is tenn\u00e9k? &#8220;A kreat\u00edv t\u00e1rsadalomfejleszt\u00e9s kapcs\u00e1n olyan k\u00f6z\u00f6ss\u00e9gi terek kellenek<br \/>\namelyek k\u00f6zelebb vannak a lak\u00f3helyhez.ez egy- k\u00e9t k\u00f6z\u00f6ss\u00e9gi k\u00f6zpont \u00e9p\u00edt\u00e9s\u00e9t jelenti.&#8221;&#8221;- \u00e1ll\u00edtja a szociol\u00f3gus. A d\u00e9li iparter\u00fcletnek is  volt m&#251;vel&#245;d\u00e9si h\u00e1za<br \/>\nsz\u00e1mos egykor forgalmas hely ma \u00fcresen t\u00e1tong.Ezekre a helyekre lenne ig\u00e9ny-ak\u00e1r egy-egy sz&#251;r&#245;program sz\u00e9khely\u00e9\u00fcl is szolg\u00e1lhatn\u00e1nak. &#8220;<\/p>\n","protected":false},"excerpt":{"rendered":"<p>Mindenki m\u00e1sk\u00e9pp csin\u00e1lja. Jobb j\u00f6vedelm&#251;, k\u00f6zponti helyen lak\u00f3, vagy k\u00e9pzettebb emberek t\u00f6bbet t\u00f6r&#245;dnek eg\u00e9szs\u00e9g\u00fckkel. Ez der\u00fclt ki a legfrissebb szoci\u00e1lis t\u00e9rk\u00e9pb&#245;l, amely Szolnokot vizsg\u00e1lta. K\u00fcl\u00f6nb\u00f6z&#245;ek vagyunk. Szolnokon sincs ez m\u00e1sk\u00e9pp, b\u00e1r a most elk\u00e9sz\u00fclt szoci\u00e1lis t\u00e9rk\u00e9p \u00e9lesebb hat\u00e1rokat v\u00e1zol. A Tiszta sz\u00edvvel Szolnok\u00e9rt sz&#251;roprogram aprop\u00f3j\u00e1n is felmer\u00fclt: a t\u00e1rsadalmi helyzet \u00e9s a lak\u00f3k\u00f6rnyezet meghat\u00e1roz\u00f3. Individualista [&hellip;]<\/p>\n","protected":false},"author":2,"featured_media":0,"comment_status":"open","ping_status":"open","sticky":false,"template":"","format":"standard","meta":[],"categories":[24],"tags":[],"_links":{"self":[{"href":"http:\/\/archiv.szolnoktv.hu\/index.php?rest_route=\/wp\/v2\/posts\/30713"}],"collection":[{"href":"http:\/\/archiv.szolnoktv.hu\/index.php?rest_route=\/wp\/v2\/posts"}],"about":[{"href":"http:\/\/archiv.szolnoktv.hu\/index.php?rest_route=\/wp\/v2\/types\/post"}],"author":[{"embeddable":true,"href":"http:\/\/archiv.szolnoktv.hu\/index.php?rest_route=\/wp\/v2\/users\/2"}],"replies":[{"embeddable":true,"href":"http:\/\/archiv.szolnoktv.hu\/index.php?rest_route=%2Fwp%2Fv2%2Fcomments&post=30713"}],"version-history":[{"count":1,"href":"http:\/\/archiv.szolnoktv.hu\/index.php?rest_route=\/wp\/v2\/posts\/30713\/revisions"}],"predecessor-version":[{"id":30836,"href":"http:\/\/archiv.szolnoktv.hu\/index.php?rest_route=\/wp\/v2\/posts\/30713\/revisions\/30836"}],"wp:attachment":[{"href":"http:\/\/archiv.szolnoktv.hu\/index.php?rest_route=%2Fwp%2Fv2%2Fmedia&parent=30713"}],"wp:term":[{"taxonomy":"category","embeddable":true,"href":"http:\/\/archiv.szolnoktv.hu\/index.php?rest_route=%2Fwp%2Fv2%2Fcategories&post=30713"},{"taxonomy":"post_tag","embeddable":true,"href":"http:\/\/archiv.szolnoktv.hu\/index.php?rest_route=%2Fwp%2Fv2%2Ftags&post=30713"}],"curies":[{"name":"wp","href":"https:\/\/api.w.org\/{rel}","templated":true}]}}