{"id":30705,"date":"2008-03-05T09:24:45","date_gmt":"2008-03-05T09:24:45","guid":{"rendered":"http:\/\/archiv.szolnoktv.hu\/?p=30705"},"modified":"2021-11-17T11:51:03","modified_gmt":"2021-11-17T11:51:03","slug":"kivaltsag-a-gyogyulas","status":"publish","type":"post","link":"http:\/\/archiv.szolnoktv.hu\/?p=30705","title":{"rendered":"Kiv\u00e1lts\u00e1g a gy\u00f3gyul\u00e1s"},"content":{"rendered":"<div class='booster-block booster-read-block'><\/div><p>Az \u00faj eg\u00e9szs\u00e9g\u00fcgyi rendszerben csak az juthat j\u00f3 orvosi ell\u00e1t\u00e1shoz, akinek p\u00e9nze van. Ennek vesz\u00e9lyeir&#245;l tartott ma t\u00e1j\u00e9koztat\u00f3t dr. P\u00f3ta S\u00e1ndor \u00e9s dr. Nemes Andr\u00e1s.<br \/>\nK\u00e9t orvos-k\u00e9pvisel\u0151: dr. P\u00f3ta S\u00e1ndor, a Kereszt\u00e9nydemokrata N\u00e9pp\u00e1rt megyei eln\u00f6ke \u00e9s dr. Nemes Andr\u00e1s, a Fidesz Magyar Polg\u00e1ri Sz\u00f6vets\u00e9g \u00f6nkorm\u00e1nyzai k\u00e9pvisel\u0151je tartott t\u00e1j\u00e9koztat\u00f3t ma a n\u00e9pszavaz\u00e1sr\u00f3l, els\u0151sorban a vizitd\u00edjr\u00f3l. P\u00f3ta S\u00e1ndor szerint a vizitd\u00edj az emberek eg\u00e9szs\u00e9ghez val\u00f3 jog\u00e1t csorb\u00edtja, hiszen aki nem tudja megfizetni, az nem megy el orvoshoz, csak amikor m\u00e1r nagy a baj. A k\u00e9s\u0151n felismert betegs\u00e9gek pedig komoly vesz\u00e9lyekhez vezethetnek.  Az orvosok szerint a t\u00f6bbbiztos\u00edt\u00f3s rendszer is probl\u00e9m\u00e1t fog jelenteni, hiszen a befektet\u0151knek a profit lesz a l\u00e9nyeg. A t\u00e1j\u00e9koztat\u00f3n elhangzott: el kell t\u00f6r\u00f6lni azokat a s\u00falyos igazs\u00e1gtalans\u00e1gokat rejt&#245; int\u00e9zked\u00e9seket, melyek azt sugallj\u00e1k, hogy csak az juthat megfelel&#245; orvosi ell\u00e1t\u00e1shoz \u00e9s csak az szerezhet diplom\u00e1t, akinek p\u00e9nze van.<\/p>\n","protected":false},"excerpt":{"rendered":"<p>Az \u00faj eg\u00e9szs\u00e9g\u00fcgyi rendszerben csak az juthat j\u00f3 orvosi ell\u00e1t\u00e1shoz, akinek p\u00e9nze van. Ennek vesz\u00e9lyeir&#245;l tartott ma t\u00e1j\u00e9koztat\u00f3t dr. P\u00f3ta S\u00e1ndor \u00e9s dr. Nemes Andr\u00e1s. K\u00e9t orvos-k\u00e9pvisel\u0151: dr. P\u00f3ta S\u00e1ndor, a Kereszt\u00e9nydemokrata N\u00e9pp\u00e1rt megyei eln\u00f6ke \u00e9s dr. Nemes Andr\u00e1s, a Fidesz Magyar Polg\u00e1ri Sz\u00f6vets\u00e9g \u00f6nkorm\u00e1nyzai k\u00e9pvisel\u0151je tartott t\u00e1j\u00e9koztat\u00f3t ma a n\u00e9pszavaz\u00e1sr\u00f3l, els\u0151sorban a vizitd\u00edjr\u00f3l. P\u00f3ta [&hellip;]<\/p>\n","protected":false},"author":2,"featured_media":0,"comment_status":"open","ping_status":"open","sticky":false,"template":"","format":"standard","meta":[],"categories":[24],"tags":[],"_links":{"self":[{"href":"http:\/\/archiv.szolnoktv.hu\/index.php?rest_route=\/wp\/v2\/posts\/30705"}],"collection":[{"href":"http:\/\/archiv.szolnoktv.hu\/index.php?rest_route=\/wp\/v2\/posts"}],"about":[{"href":"http:\/\/archiv.szolnoktv.hu\/index.php?rest_route=\/wp\/v2\/types\/post"}],"author":[{"embeddable":true,"href":"http:\/\/archiv.szolnoktv.hu\/index.php?rest_route=\/wp\/v2\/users\/2"}],"replies":[{"embeddable":true,"href":"http:\/\/archiv.szolnoktv.hu\/index.php?rest_route=%2Fwp%2Fv2%2Fcomments&post=30705"}],"version-history":[{"count":1,"href":"http:\/\/archiv.szolnoktv.hu\/index.php?rest_route=\/wp\/v2\/posts\/30705\/revisions"}],"predecessor-version":[{"id":30844,"href":"http:\/\/archiv.szolnoktv.hu\/index.php?rest_route=\/wp\/v2\/posts\/30705\/revisions\/30844"}],"wp:attachment":[{"href":"http:\/\/archiv.szolnoktv.hu\/index.php?rest_route=%2Fwp%2Fv2%2Fmedia&parent=30705"}],"wp:term":[{"taxonomy":"category","embeddable":true,"href":"http:\/\/archiv.szolnoktv.hu\/index.php?rest_route=%2Fwp%2Fv2%2Fcategories&post=30705"},{"taxonomy":"post_tag","embeddable":true,"href":"http:\/\/archiv.szolnoktv.hu\/index.php?rest_route=%2Fwp%2Fv2%2Ftags&post=30705"}],"curies":[{"name":"wp","href":"https:\/\/api.w.org\/{rel}","templated":true}]}}