{"id":30704,"date":"2008-03-05T09:22:13","date_gmt":"2008-03-05T09:22:13","guid":{"rendered":"http:\/\/archiv.szolnoktv.hu\/?p=30704"},"modified":"2021-11-17T11:51:03","modified_gmt":"2021-11-17T11:51:03","slug":"milliardok-uj-hidra","status":"publish","type":"post","link":"http:\/\/archiv.szolnoktv.hu\/?p=30704","title":{"rendered":"Milli\u00e1rdok \u00faj h\u00eddra"},"content":{"rendered":"<div class='booster-block booster-read-block'><\/div><p>A r\u00e9g\u00f3ta v\u00e1rt \u00faj belv\u00e1rosi Tisza h\u00edd elk\u00e9sz\u00fclt\u00e9re m\u00e9g v\u00e1rni kell, de a tervez\u00e9si munk\u00e1k m\u00e1r elkezd&#245;dhetnek. Az orsz\u00e1ggy&#251;l\u00e9s \u00e1ltal megszavazott idei k\u00f6lts\u00e9gvet\u00e9sben egyel&#245;re 100 milli\u00f3 forintot k\u00f6lthet a v\u00e1ros t\u00f6bbek k\u00f6z\u00f6tt a l\u00e1tv\u00e1nytervre.<br \/>\nA h\u00edd m\u00e9g messze van. Pontosabban nincs is, de m\u00e1r szeretn\u00e9k, hogy legyen. Az \u00faj h\u00edd azonban nem keverend&#245; \u00f6ssze a gyalogh\u00edddal. Az orsz\u00e1ggy&#251;l\u00e9s megszavazta, hogy idei k\u00f6lts\u00e9gvet\u00e9s 100 milli\u00f3 forintot k\u00fcl\u00f6n\u00edt el Szolnok \u00faj Tisza- h\u00eddj\u00e1nak el&#245;zetes terveire. A megyesz\u00e9khely \u00e9s a K\u00f6zleked\u00e9sfejleszt\u00e9si Koordin\u00e1ci\u00f3s K\u00f6zpont egy szerz&#245;d\u00e9st k\u00f6t. Ez a majdani szerz&#245;d\u00e9s foglalja mag\u00e1ban, hogy a 100 milli\u00f3t mire lehet k\u00f6lteni, mondta Cs\u00e1k L\u00e1szl\u00f3, az MSZP szolnoki frakci\u00f3j\u00e1nak vezet&#245;je. Ezt a munk\u00e1t k\u00e9t r\u00e9szre lehet osztani. Az egyik egy tanulm\u00e1nyterv, a m\u00e1sik elem pedig a l\u00e1tv\u00e1nyterv elk\u00e9sz\u00edt\u00e9se. Ez a 100 milli\u00f3 forint azonban az enged\u00e9lyes tervekre m\u00e9g nem el\u00e9g. A h\u00edd elk\u00e9sz\u00fcl\u00e9s\u00e9hez 8-10 milli\u00e1rd forintra is sz\u00fcks\u00e9g lesz. A szocialista politikus szerint ennek az \u00f6sszegnek m\u00e9g a legminim\u00e1lisabb r\u00e9sze is megterhel&#245; lenne a Szolnoknak, ez\u00e9rt el kell \u00e9rni, hogy teljes eg\u00e9sz\u00e9ben \u00e1llami forr\u00e1sb\u00f3l val\u00f3sulhasson meg a beruh\u00e1z\u00e1s. Az, hogy az \u00faj Tisza h\u00edd mikorra k\u00e9sz\u00fclhet el m\u00e9g k\u00e9rd\u00e9ses. A K\u00f6zleked\u00e9sfejleszt\u00e9si Koordin\u00e1ci\u00f3s K\u00f6zpont \u00e1ltal ki\u00edrt tervp\u00e1ly\u00e1zat lez\u00e1r\u00e1sa ut\u00e1n az \u00e9v v\u00e9g\u00e9n mutatj\u00e1k be a gy&#245;ztes p\u00e1lyamunk\u00e1t. A l\u00e1tv\u00e1nyterv viszonylag hamar elk\u00e9sz\u00fcl, az enged\u00e9lyes tervekre azonban m\u00e9g v\u00e1rni kell.<\/p>\n","protected":false},"excerpt":{"rendered":"<p>A r\u00e9g\u00f3ta v\u00e1rt \u00faj belv\u00e1rosi Tisza h\u00edd elk\u00e9sz\u00fclt\u00e9re m\u00e9g v\u00e1rni kell, de a tervez\u00e9si munk\u00e1k m\u00e1r elkezd&#245;dhetnek. Az orsz\u00e1ggy&#251;l\u00e9s \u00e1ltal megszavazott idei k\u00f6lts\u00e9gvet\u00e9sben egyel&#245;re 100 milli\u00f3 forintot k\u00f6lthet a v\u00e1ros t\u00f6bbek k\u00f6z\u00f6tt a l\u00e1tv\u00e1nytervre. A h\u00edd m\u00e9g messze van. Pontosabban nincs is, de m\u00e1r szeretn\u00e9k, hogy legyen. Az \u00faj h\u00edd azonban nem keverend&#245; \u00f6ssze a [&hellip;]<\/p>\n","protected":false},"author":2,"featured_media":0,"comment_status":"open","ping_status":"open","sticky":false,"template":"","format":"standard","meta":[],"categories":[24],"tags":[],"_links":{"self":[{"href":"http:\/\/archiv.szolnoktv.hu\/index.php?rest_route=\/wp\/v2\/posts\/30704"}],"collection":[{"href":"http:\/\/archiv.szolnoktv.hu\/index.php?rest_route=\/wp\/v2\/posts"}],"about":[{"href":"http:\/\/archiv.szolnoktv.hu\/index.php?rest_route=\/wp\/v2\/types\/post"}],"author":[{"embeddable":true,"href":"http:\/\/archiv.szolnoktv.hu\/index.php?rest_route=\/wp\/v2\/users\/2"}],"replies":[{"embeddable":true,"href":"http:\/\/archiv.szolnoktv.hu\/index.php?rest_route=%2Fwp%2Fv2%2Fcomments&post=30704"}],"version-history":[{"count":1,"href":"http:\/\/archiv.szolnoktv.hu\/index.php?rest_route=\/wp\/v2\/posts\/30704\/revisions"}],"predecessor-version":[{"id":30845,"href":"http:\/\/archiv.szolnoktv.hu\/index.php?rest_route=\/wp\/v2\/posts\/30704\/revisions\/30845"}],"wp:attachment":[{"href":"http:\/\/archiv.szolnoktv.hu\/index.php?rest_route=%2Fwp%2Fv2%2Fmedia&parent=30704"}],"wp:term":[{"taxonomy":"category","embeddable":true,"href":"http:\/\/archiv.szolnoktv.hu\/index.php?rest_route=%2Fwp%2Fv2%2Fcategories&post=30704"},{"taxonomy":"post_tag","embeddable":true,"href":"http:\/\/archiv.szolnoktv.hu\/index.php?rest_route=%2Fwp%2Fv2%2Ftags&post=30704"}],"curies":[{"name":"wp","href":"https:\/\/api.w.org\/{rel}","templated":true}]}}