{"id":30702,"date":"2008-03-04T21:24:34","date_gmt":"2008-03-04T21:24:34","guid":{"rendered":"http:\/\/archiv.szolnoktv.hu\/?p=30702"},"modified":"2021-11-17T11:51:03","modified_gmt":"2021-11-17T11:51:03","slug":"ot-eve-onallo","status":"publish","type":"post","link":"http:\/\/archiv.szolnoktv.hu\/?p=30702","title":{"rendered":"\u00d6t \u00e9ve \u00f6n\u00e1ll\u00f3"},"content":{"rendered":"<div class='booster-block booster-read-block'><\/div><p>Ennyi ideje \u00e9lnek k\u00f6z\u00f6s fed\u00e9l alatt, de f\u00fcggetlen\u00fcl a Liget \u00fati lak\u00f3otthon p\u00e1rtfogoltjai.\u00d6t \u00e9vvel ezel\u0151tt t\u00edzen k\u00f6lt\u00f6ztek \u00e1t az int\u00e9zm\u00e9nyb\u0151l az \u00fat t\u00faloldal\u00e1n \u00e1ll\u00f3 h\u00e1zba, hogy megpr\u00f3b\u00e1lkozzanak a val\u00f3di feln\u0151tt \u00e9lettel.<br \/>\nNagy a s\u00fcrg\u00e9s-forg\u00e1s a lak\u00f3otthonban. \u00dcnneps\u00e9gre k\u00e9sz\u00fclnek az itt \u00e9l\u0151k. \u00d6t \u00e9ve k\u00f6lt\u00f6ztek ebbe a h\u00e1zba,az \u00f6n\u00e1ll\u00f3 \u00e9let megkezd\u00e9se \u00f6r\u00f6mteli volt, de nem probl\u00e9ma mentes. Az \u00fcnnepek fontosak, az otthon p\u00e1rtfogoltjai erre k\u00e9nyesen figyelnek,m\u00e1r csak az\u00e9rt is, mert sokuk nem is csal\u00e1dban nevelkedett.De, ahogy \u0151k mondj\u00e1k &#8220;kistestv\u00e9r&#8221;&#8221; \u00e9rkezik<br \/>\nszeptemberben ugyanis \u00faj lak\u00f3otthont avatnak. Az \u00fcnnep meglepet\u00e9ssel teljes:az aj\u00e1nd\u00e9kot maga a polg\u00e1rmester hozta: egy \u00faj sz\u00e1m\u00edt\u00f3g\u00e9p is bek\u00f6lt\u00f6zik az otthonba.Szalay Ferenc \u00fagy v\u00e9li<br \/>\na sz\u00e1m\u00edt\u00e1stechnika is megk\u00f6nny\u00edtheti az itt lak\u00f3k \u00e9let\u00e9t. &#8220;<\/p>\n","protected":false},"excerpt":{"rendered":"<p>Ennyi ideje \u00e9lnek k\u00f6z\u00f6s fed\u00e9l alatt, de f\u00fcggetlen\u00fcl a Liget \u00fati lak\u00f3otthon p\u00e1rtfogoltjai.\u00d6t \u00e9vvel ezel\u0151tt t\u00edzen k\u00f6lt\u00f6ztek \u00e1t az int\u00e9zm\u00e9nyb\u0151l az \u00fat t\u00faloldal\u00e1n \u00e1ll\u00f3 h\u00e1zba, hogy megpr\u00f3b\u00e1lkozzanak a val\u00f3di feln\u0151tt \u00e9lettel. Nagy a s\u00fcrg\u00e9s-forg\u00e1s a lak\u00f3otthonban. \u00dcnneps\u00e9gre k\u00e9sz\u00fclnek az itt \u00e9l\u0151k. \u00d6t \u00e9ve k\u00f6lt\u00f6ztek ebbe a h\u00e1zba,az \u00f6n\u00e1ll\u00f3 \u00e9let megkezd\u00e9se \u00f6r\u00f6mteli volt, de nem probl\u00e9ma [&hellip;]<\/p>\n","protected":false},"author":2,"featured_media":0,"comment_status":"open","ping_status":"open","sticky":false,"template":"","format":"standard","meta":[],"categories":[24],"tags":[],"_links":{"self":[{"href":"http:\/\/archiv.szolnoktv.hu\/index.php?rest_route=\/wp\/v2\/posts\/30702"}],"collection":[{"href":"http:\/\/archiv.szolnoktv.hu\/index.php?rest_route=\/wp\/v2\/posts"}],"about":[{"href":"http:\/\/archiv.szolnoktv.hu\/index.php?rest_route=\/wp\/v2\/types\/post"}],"author":[{"embeddable":true,"href":"http:\/\/archiv.szolnoktv.hu\/index.php?rest_route=\/wp\/v2\/users\/2"}],"replies":[{"embeddable":true,"href":"http:\/\/archiv.szolnoktv.hu\/index.php?rest_route=%2Fwp%2Fv2%2Fcomments&post=30702"}],"version-history":[{"count":1,"href":"http:\/\/archiv.szolnoktv.hu\/index.php?rest_route=\/wp\/v2\/posts\/30702\/revisions"}],"predecessor-version":[{"id":30847,"href":"http:\/\/archiv.szolnoktv.hu\/index.php?rest_route=\/wp\/v2\/posts\/30702\/revisions\/30847"}],"wp:attachment":[{"href":"http:\/\/archiv.szolnoktv.hu\/index.php?rest_route=%2Fwp%2Fv2%2Fmedia&parent=30702"}],"wp:term":[{"taxonomy":"category","embeddable":true,"href":"http:\/\/archiv.szolnoktv.hu\/index.php?rest_route=%2Fwp%2Fv2%2Fcategories&post=30702"},{"taxonomy":"post_tag","embeddable":true,"href":"http:\/\/archiv.szolnoktv.hu\/index.php?rest_route=%2Fwp%2Fv2%2Ftags&post=30702"}],"curies":[{"name":"wp","href":"https:\/\/api.w.org\/{rel}","templated":true}]}}