{"id":30697,"date":"2008-03-03T23:35:36","date_gmt":"2008-03-03T23:35:36","guid":{"rendered":"http:\/\/archiv.szolnoktv.hu\/?p=30697"},"modified":"2021-11-17T11:51:04","modified_gmt":"2021-11-17T11:51:04","slug":"tiszta-szivvel","status":"publish","type":"post","link":"http:\/\/archiv.szolnoktv.hu\/?p=30697","title":{"rendered":"Tiszta sz\u00edvvel"},"content":{"rendered":"<div class='booster-block booster-read-block'><\/div><p>Ezen a h\u00e9ten sokat tehetnek eg\u00e9szs\u00e9g\u00fck\u00e9rt a szolnokiak. Az \u00f6nkorm\u00e1nyzat \u00e1ltal szervezett Tiszta szivvel Szolnok\u00e9rt programsorozaton,  ingyen \u00e9s egy  helyen v\u00e9geztethetnek el 7 f\u00e9le sz\u0171r\u0151vizsg\u00e1latot is.<br \/>\n&#8221; A mai eg\u00e9szs\u00e9g\u00fcgy val\u00f3j\u00e1ban betegs\u00e9g\u00fcgy-a betegeket gy\u00f3gy\u00edtja<br \/>\npedig els\u0151sorban az eg\u00e9ssz\u00e9get kellene meg\u0151riznie&#8221;&#8221;-mondta megnyit\u00f3j\u00e1ban Szalay Ferenc polg\u00e1rmester. Szolnok \u00f6nkorm\u00e1nyzata az eg\u00e9ssz\u00e9gmeg\u0151rz\u00e9sben szeretn\u00e9 seg\u00edteni a lakosokat<br \/>\nez\u00e9rt szervezi meg id\u00e9n is a Tiszta Sz\u00edvvel Szolnok\u00e9rt sz\u0171r\u0151vizsg\u00e1lati programot<\/p>\n","protected":false},"excerpt":{"rendered":"<p>Ezen a h\u00e9ten sokat tehetnek eg\u00e9szs\u00e9g\u00fck\u00e9rt a szolnokiak. Az \u00f6nkorm\u00e1nyzat \u00e1ltal szervezett Tiszta szivvel Szolnok\u00e9rt programsorozaton, ingyen \u00e9s egy helyen v\u00e9geztethetnek el 7 f\u00e9le sz\u0171r\u0151vizsg\u00e1latot is. &#8221; A mai eg\u00e9szs\u00e9g\u00fcgy val\u00f3j\u00e1ban betegs\u00e9g\u00fcgy-a betegeket gy\u00f3gy\u00edtja pedig els\u0151sorban az eg\u00e9ssz\u00e9get kellene meg\u0151riznie&#8221;&#8221;-mondta megnyit\u00f3j\u00e1ban Szalay Ferenc polg\u00e1rmester. Szolnok \u00f6nkorm\u00e1nyzata az eg\u00e9ssz\u00e9gmeg\u0151rz\u00e9sben szeretn\u00e9 seg\u00edteni a lakosokat ez\u00e9rt szervezi meg [&hellip;]<\/p>\n","protected":false},"author":2,"featured_media":0,"comment_status":"open","ping_status":"open","sticky":false,"template":"","format":"standard","meta":[],"categories":[24],"tags":[],"_links":{"self":[{"href":"http:\/\/archiv.szolnoktv.hu\/index.php?rest_route=\/wp\/v2\/posts\/30697"}],"collection":[{"href":"http:\/\/archiv.szolnoktv.hu\/index.php?rest_route=\/wp\/v2\/posts"}],"about":[{"href":"http:\/\/archiv.szolnoktv.hu\/index.php?rest_route=\/wp\/v2\/types\/post"}],"author":[{"embeddable":true,"href":"http:\/\/archiv.szolnoktv.hu\/index.php?rest_route=\/wp\/v2\/users\/2"}],"replies":[{"embeddable":true,"href":"http:\/\/archiv.szolnoktv.hu\/index.php?rest_route=%2Fwp%2Fv2%2Fcomments&post=30697"}],"version-history":[{"count":1,"href":"http:\/\/archiv.szolnoktv.hu\/index.php?rest_route=\/wp\/v2\/posts\/30697\/revisions"}],"predecessor-version":[{"id":30852,"href":"http:\/\/archiv.szolnoktv.hu\/index.php?rest_route=\/wp\/v2\/posts\/30697\/revisions\/30852"}],"wp:attachment":[{"href":"http:\/\/archiv.szolnoktv.hu\/index.php?rest_route=%2Fwp%2Fv2%2Fmedia&parent=30697"}],"wp:term":[{"taxonomy":"category","embeddable":true,"href":"http:\/\/archiv.szolnoktv.hu\/index.php?rest_route=%2Fwp%2Fv2%2Fcategories&post=30697"},{"taxonomy":"post_tag","embeddable":true,"href":"http:\/\/archiv.szolnoktv.hu\/index.php?rest_route=%2Fwp%2Fv2%2Ftags&post=30697"}],"curies":[{"name":"wp","href":"https:\/\/api.w.org\/{rel}","templated":true}]}}