{"id":30696,"date":"2008-03-03T23:33:43","date_gmt":"2008-03-03T23:33:43","guid":{"rendered":"http:\/\/archiv.szolnoktv.hu\/?p=30696"},"modified":"2021-11-17T11:51:04","modified_gmt":"2021-11-17T11:51:04","slug":"ismet-valtozik-a-forgalmi-rend","status":"publish","type":"post","link":"http:\/\/archiv.szolnoktv.hu\/?p=30696","title":{"rendered":"Ism\u00e9t v\u00e1ltozik a forgalmi rend"},"content":{"rendered":"<div class='booster-block booster-read-block'><\/div><p>Ism\u00e9t v\u00e1ltozik a forgalmi rend. A buszok \u00fajra mindk\u00e9t ir\u00e1nyb\u00f3l behajthatnak majd a Kossuth t\u00e9rre. Ezt a m\u00f3dos\u00edt\u00e1st \u00e1prilis elsej\u00e9t\u0151l vezetik be, de az aut\u00f3sokat \u00e9rint\u0151 v\u00e1ltoz\u00e1sok m\u00e1r m\u00e1rciusban tapasztalhat\u00f3k lesznek.<br \/>\nA Kossuth t\u00e9r tervez\u00e9s\u00e9n\u00e9l az egyik szempont az volt, hogy a meg\u00fajult f\u0151t\u00e9ren a buszok \u00e9s taxik \u00e1thajthassanak. A munk\u00e1latok miatt azonban a v\u00e1rosba \u00e9rkez\u0151 aut\u00f3buszokat elterelt\u00e9k a P\u00f3lya Tibor \u00e9s az Ady Endre \u00fatra. Az\u00e9rt, hogy a Kossuth teret t\u00e9nylegesen a s\u00e9t\u00e1l\u00f3k vehess\u00e9k birtokukba felmer\u00fclt egy olyan lehet\u0151s\u00e9g, hogy teljesen kitiltanak onnan minden j\u00e1mr\u0171vet. Ezt azonban lakoss\u00e1gi ig\u00e9ny miatt k\u00e9nytelenek voltak elvetni. \u00c1prilis lsej\u00e9t\u0151l teh\u00e1t a buszok ism\u00e9t \u00e1thajthatnak a d\u00edszk\u0151vel burkolt ter\u00fcleten mindk\u00e9t ir\u00e1nyb\u00f3l. Ez azt jelenti, hogy a m\u00e1rcius 14-t\u0151l, azaz p\u00e9nteken az esti \u00f3r\u00e1kt\u00f3l kezdve, a S\u00f3h\u00e1z \u00faton nem lehet kereszt\u00fcl hajtani. A Verseghy Gimn\u00e1zium el\u0151tti szakaszon ugyanis keresztben beton vir\u00e1gl\u00e1d\u00e1kat helyeznek el. A Tisza h\u00edd, vagy a Zagyva h\u00edd fel\u0151l \u00e9rkez\u0151knek ez\u00e9rt mindenk\u00e9ppen a P\u00f3lya Tibor \u00e9s az Ady Endre utakat kell v\u00e1lasztaniuk, hogyha be akarnak jutni a v\u00e1rosba. A Kossuth t\u00e9ren ugyanis szem\u00e9lyaut\u00f3val m\u00e1r p\u00e1r h\u00f3napja tilos az \u00e1thajt\u00e1s, a S\u00f3h\u00e1z \u00faton pedig legfeljebb csak parkolni lehet ezek ut\u00e1n. Az \u00fajabb v\u00e1ltoztat\u00e1snak tal\u00e1n a Magyar \u00faton, valamint a Szigligeti \u00faton \u00e9l\u0151k \u00f6r\u00fclhetnek, mivel az ut\u00f3bbi id\u0151ben ezeken a helyeken jelent\u0151sen megn\u00f6vekedett a forgalom. Ez szinte teljesen megsz\u0171nik.<\/p>\n","protected":false},"excerpt":{"rendered":"<p>Ism\u00e9t v\u00e1ltozik a forgalmi rend. A buszok \u00fajra mindk\u00e9t ir\u00e1nyb\u00f3l behajthatnak majd a Kossuth t\u00e9rre. Ezt a m\u00f3dos\u00edt\u00e1st \u00e1prilis elsej\u00e9t\u0151l vezetik be, de az aut\u00f3sokat \u00e9rint\u0151 v\u00e1ltoz\u00e1sok m\u00e1r m\u00e1rciusban tapasztalhat\u00f3k lesznek. A Kossuth t\u00e9r tervez\u00e9s\u00e9n\u00e9l az egyik szempont az volt, hogy a meg\u00fajult f\u0151t\u00e9ren a buszok \u00e9s taxik \u00e1thajthassanak. A munk\u00e1latok miatt azonban a v\u00e1rosba [&hellip;]<\/p>\n","protected":false},"author":2,"featured_media":0,"comment_status":"open","ping_status":"open","sticky":false,"template":"","format":"standard","meta":[],"categories":[24],"tags":[],"_links":{"self":[{"href":"http:\/\/archiv.szolnoktv.hu\/index.php?rest_route=\/wp\/v2\/posts\/30696"}],"collection":[{"href":"http:\/\/archiv.szolnoktv.hu\/index.php?rest_route=\/wp\/v2\/posts"}],"about":[{"href":"http:\/\/archiv.szolnoktv.hu\/index.php?rest_route=\/wp\/v2\/types\/post"}],"author":[{"embeddable":true,"href":"http:\/\/archiv.szolnoktv.hu\/index.php?rest_route=\/wp\/v2\/users\/2"}],"replies":[{"embeddable":true,"href":"http:\/\/archiv.szolnoktv.hu\/index.php?rest_route=%2Fwp%2Fv2%2Fcomments&post=30696"}],"version-history":[{"count":1,"href":"http:\/\/archiv.szolnoktv.hu\/index.php?rest_route=\/wp\/v2\/posts\/30696\/revisions"}],"predecessor-version":[{"id":30853,"href":"http:\/\/archiv.szolnoktv.hu\/index.php?rest_route=\/wp\/v2\/posts\/30696\/revisions\/30853"}],"wp:attachment":[{"href":"http:\/\/archiv.szolnoktv.hu\/index.php?rest_route=%2Fwp%2Fv2%2Fmedia&parent=30696"}],"wp:term":[{"taxonomy":"category","embeddable":true,"href":"http:\/\/archiv.szolnoktv.hu\/index.php?rest_route=%2Fwp%2Fv2%2Fcategories&post=30696"},{"taxonomy":"post_tag","embeddable":true,"href":"http:\/\/archiv.szolnoktv.hu\/index.php?rest_route=%2Fwp%2Fv2%2Ftags&post=30696"}],"curies":[{"name":"wp","href":"https:\/\/api.w.org\/{rel}","templated":true}]}}