{"id":30695,"date":"2008-03-03T23:31:53","date_gmt":"2008-03-03T23:31:53","guid":{"rendered":"http:\/\/archiv.szolnoktv.hu\/?p=30695"},"modified":"2021-11-17T11:51:04","modified_gmt":"2021-11-17T11:51:04","slug":"start-elott-a-tanuszoda","status":"publish","type":"post","link":"http:\/\/archiv.szolnoktv.hu\/?p=30695","title":{"rendered":"Start el\u0151tt a tanuszoda"},"content":{"rendered":"<div class='booster-block booster-read-block'><\/div><p>M\u00e1r csak az \u00c1NTSZ j\u00f3v\u00e1hagy\u00e1sa sz\u00fcks\u00e9ges, \u00e9s ism\u00e9t kinyit a Kanizsa Tivadar Tanuszoda. Az uszod\u00e1t tavaly novemberben z\u00e1rt\u00e1k be, mert sziv\u00e1rgott a v\u00edz a medenc\u00e9b\u0151l. Ut\u00f3bb kider\u00fclt: az \u00f6reg v\u00edzvezet\u00e9kek kilyukadtak, ez okozta a probl\u00e9m\u00e1t. A kivitelez\u0151 v\u00e9gzett a fel\u00faj\u00edt\u00e1ssal, a m\u0171szaki \u00e1tad\u00e1s ma d\u00e9lel\u0151tt volt.<br \/>\nM\u00e1r v\u00edzzel is felt\u00f6lt\u00f6tt\u00e9k a Kanizsa Tivadar Tanuszoda frissen fel\u00faj\u00edtott medenc\u00e9j\u00e9t. Tavaly okt\u00f3ber k\u00f6zep\u00e9n az \u00fasz\u00f3mester vette \u00e9szre el\u0151sz\u00f6r, hogy sziv\u00e1rog a v\u00edz a medenc\u00e9b\u0151l. A m\u0171szaki igazgat\u00f3s\u00e1g szakemberei ekkor m\u00e9g csak gyan\u00edtott\u00e1k, hogy a vezet\u00e9krendszer korr\u00f3zi\u00f3ja okozhatja a probl\u00e9m\u00e1t. A fenntart\u00f3 \u00f6nkorm\u00e1nyzat h\u00e1rom c\u00e9gt\u0151l k\u00e9rt \u00e1raj\u00e1nlatot, a Metr\u00f3\u00e9pszolg tizenh\u00e9t \u00e9s f\u00e9lmilli\u00f3 forint\u00e9rt v\u00e1llalta a fel\u00faj\u00edt\u00e1st, helyre\u00e1ll\u00edt\u00e1st. Kicser\u00e9lt\u00e9k a hib\u00e1s cs\u0151vezet\u00e9keket,  s\u0151t az eg\u00e9sz tanuszod\u00e1t megsz\u00e9p\u00edtett\u00e9k. A m\u0171szaki \u00e1tad\u00e1s ma d\u00e9lel\u0151tt volt. Mivel mindent rendben tal\u00e1ltak, p\u00e1r nap is kinyithat a tanuszoda. Ehhez azonban az \u00c1NTSZ enged\u00e9lye is sz\u00fcks\u00e9ges, ennek megszerz\u00e9se p\u00e1r napot vesz ig\u00e9nybe. Azoknak sem kell agg\u00f3dniuk, akik m\u00e9g a tanuszoda le\u00e1ll\u00e1sa el\u0151tt v\u00e1ltottak havi b\u00e9rletet valamely szolg\u00e1ltat\u00e1sra. Ezeket ugyanis a nyit\u00e1st k\u00f6vet\u0151en felhaszn\u00e1lhatj\u00e1k.<\/p>\n","protected":false},"excerpt":{"rendered":"<p>M\u00e1r csak az \u00c1NTSZ j\u00f3v\u00e1hagy\u00e1sa sz\u00fcks\u00e9ges, \u00e9s ism\u00e9t kinyit a Kanizsa Tivadar Tanuszoda. Az uszod\u00e1t tavaly novemberben z\u00e1rt\u00e1k be, mert sziv\u00e1rgott a v\u00edz a medenc\u00e9b\u0151l. Ut\u00f3bb kider\u00fclt: az \u00f6reg v\u00edzvezet\u00e9kek kilyukadtak, ez okozta a probl\u00e9m\u00e1t. A kivitelez\u0151 v\u00e9gzett a fel\u00faj\u00edt\u00e1ssal, a m\u0171szaki \u00e1tad\u00e1s ma d\u00e9lel\u0151tt volt. M\u00e1r v\u00edzzel is felt\u00f6lt\u00f6tt\u00e9k a Kanizsa Tivadar Tanuszoda frissen [&hellip;]<\/p>\n","protected":false},"author":2,"featured_media":0,"comment_status":"open","ping_status":"open","sticky":false,"template":"","format":"standard","meta":[],"categories":[24],"tags":[],"_links":{"self":[{"href":"http:\/\/archiv.szolnoktv.hu\/index.php?rest_route=\/wp\/v2\/posts\/30695"}],"collection":[{"href":"http:\/\/archiv.szolnoktv.hu\/index.php?rest_route=\/wp\/v2\/posts"}],"about":[{"href":"http:\/\/archiv.szolnoktv.hu\/index.php?rest_route=\/wp\/v2\/types\/post"}],"author":[{"embeddable":true,"href":"http:\/\/archiv.szolnoktv.hu\/index.php?rest_route=\/wp\/v2\/users\/2"}],"replies":[{"embeddable":true,"href":"http:\/\/archiv.szolnoktv.hu\/index.php?rest_route=%2Fwp%2Fv2%2Fcomments&post=30695"}],"version-history":[{"count":1,"href":"http:\/\/archiv.szolnoktv.hu\/index.php?rest_route=\/wp\/v2\/posts\/30695\/revisions"}],"predecessor-version":[{"id":30854,"href":"http:\/\/archiv.szolnoktv.hu\/index.php?rest_route=\/wp\/v2\/posts\/30695\/revisions\/30854"}],"wp:attachment":[{"href":"http:\/\/archiv.szolnoktv.hu\/index.php?rest_route=%2Fwp%2Fv2%2Fmedia&parent=30695"}],"wp:term":[{"taxonomy":"category","embeddable":true,"href":"http:\/\/archiv.szolnoktv.hu\/index.php?rest_route=%2Fwp%2Fv2%2Fcategories&post=30695"},{"taxonomy":"post_tag","embeddable":true,"href":"http:\/\/archiv.szolnoktv.hu\/index.php?rest_route=%2Fwp%2Fv2%2Ftags&post=30695"}],"curies":[{"name":"wp","href":"https:\/\/api.w.org\/{rel}","templated":true}]}}