{"id":30694,"date":"2008-03-03T23:29:59","date_gmt":"2008-03-03T23:29:59","guid":{"rendered":"http:\/\/archiv.szolnoktv.hu\/?p=30694"},"modified":"2021-11-17T11:51:04","modified_gmt":"2021-11-17T11:51:04","slug":"megusztuk","status":"publish","type":"post","link":"http:\/\/archiv.szolnoktv.hu\/?p=30694","title":{"rendered":"Meg\u00fasztuk"},"content":{"rendered":"<div class='booster-block booster-read-block'><\/div><p>Szolnokot elker\u00fclte az a vihar, ami a h\u00e9tv\u00e9g\u00e9n vonult \u00e1t Magyarorsz\u00e1g f\u00f6l\u00f6tt. Szinte az eg\u00e9sz orsz\u00e1g ter\u00fclet\u00e9n rombolt \u00e9s \u00f3ri\u00e1si k\u00e1rokat hagyott maga ut\u00e1n. A megyesz\u00e9khelyen \u00f6sszesen 17-szer kellett vonulniuk a t\u0171zolt\u00f3knak.<br \/>\nM\u00e1rcius elsej\u00e9n \u00e9s m\u00e1sodik\u00e1n puszt\u00edt\u00f3 vihar s\u00f6p\u00f6rt v\u00e9gig haz\u00e1nk f\u00f6l\u00f6tt. A szolnoki t\u0171zolt\u00f3knak is akadt dolguk, de kor\u00e1ntsem annyi, mint p\u00e9ld\u00e1ul a f\u0151v\u00e1rosi koll\u00e9g\u00e1iknak. A k\u00e9t nap alatt \u00f6sszesen 17-szer riasztott\u00e1k \u0151ket. A legnagyobb k\u00e1rokat azonban szombaton okozta a gyakran 100 km\/\u00f3r\u00e1s sebess\u00e9g\u0171 d\u00e9l-nyugati sz\u00e9l. Szolnokot a vihar valamelyest elker\u00fclte, b\u00e1r egyes helyeken ott hagyta nyom\u00e1t. A R\u00e1k\u00f3czi \u00fati \u00c1ltal\u00e1nos Iskola tet\u0151szerkezet\u00e9b\u0151l k\u00f6r\u00fclbel\u00fcl 10 n\u00e9gyzetm\u00e9ternyi cserepet szaggatott fel, ebb\u0151l azonban ma reggelre m\u00e1r semmi nem l\u00e1tszott. Hamar p\u00f3tolt\u00e1k a tet\u0151 hi\u00e1nyoss\u00e1gait. A v\u00e1rosban t\u00f6bb hely\u00fctt a j\u00e1rd\u00e1kon sz\u00e9tt\u00f6rt cserepek jelzik, itt is rombolt a sz\u00e9l. A Hajd\u00fa \u00faton egy csal\u00e1di h\u00e1z t\u0171zfala csaknem teljesen kid\u0151lt, \u00e9s a Belv\u00e1rosi Nagytemplom sem \u00faszta meg az \u00e9gi h\u00e1bor\u00fat.<\/p>\n","protected":false},"excerpt":{"rendered":"<p>Szolnokot elker\u00fclte az a vihar, ami a h\u00e9tv\u00e9g\u00e9n vonult \u00e1t Magyarorsz\u00e1g f\u00f6l\u00f6tt. Szinte az eg\u00e9sz orsz\u00e1g ter\u00fclet\u00e9n rombolt \u00e9s \u00f3ri\u00e1si k\u00e1rokat hagyott maga ut\u00e1n. A megyesz\u00e9khelyen \u00f6sszesen 17-szer kellett vonulniuk a t\u0171zolt\u00f3knak. M\u00e1rcius elsej\u00e9n \u00e9s m\u00e1sodik\u00e1n puszt\u00edt\u00f3 vihar s\u00f6p\u00f6rt v\u00e9gig haz\u00e1nk f\u00f6l\u00f6tt. A szolnoki t\u0171zolt\u00f3knak is akadt dolguk, de kor\u00e1ntsem annyi, mint p\u00e9ld\u00e1ul a f\u0151v\u00e1rosi [&hellip;]<\/p>\n","protected":false},"author":2,"featured_media":0,"comment_status":"open","ping_status":"open","sticky":false,"template":"","format":"standard","meta":[],"categories":[24],"tags":[],"_links":{"self":[{"href":"http:\/\/archiv.szolnoktv.hu\/index.php?rest_route=\/wp\/v2\/posts\/30694"}],"collection":[{"href":"http:\/\/archiv.szolnoktv.hu\/index.php?rest_route=\/wp\/v2\/posts"}],"about":[{"href":"http:\/\/archiv.szolnoktv.hu\/index.php?rest_route=\/wp\/v2\/types\/post"}],"author":[{"embeddable":true,"href":"http:\/\/archiv.szolnoktv.hu\/index.php?rest_route=\/wp\/v2\/users\/2"}],"replies":[{"embeddable":true,"href":"http:\/\/archiv.szolnoktv.hu\/index.php?rest_route=%2Fwp%2Fv2%2Fcomments&post=30694"}],"version-history":[{"count":1,"href":"http:\/\/archiv.szolnoktv.hu\/index.php?rest_route=\/wp\/v2\/posts\/30694\/revisions"}],"predecessor-version":[{"id":30855,"href":"http:\/\/archiv.szolnoktv.hu\/index.php?rest_route=\/wp\/v2\/posts\/30694\/revisions\/30855"}],"wp:attachment":[{"href":"http:\/\/archiv.szolnoktv.hu\/index.php?rest_route=%2Fwp%2Fv2%2Fmedia&parent=30694"}],"wp:term":[{"taxonomy":"category","embeddable":true,"href":"http:\/\/archiv.szolnoktv.hu\/index.php?rest_route=%2Fwp%2Fv2%2Fcategories&post=30694"},{"taxonomy":"post_tag","embeddable":true,"href":"http:\/\/archiv.szolnoktv.hu\/index.php?rest_route=%2Fwp%2Fv2%2Ftags&post=30694"}],"curies":[{"name":"wp","href":"https:\/\/api.w.org\/{rel}","templated":true}]}}