{"id":30693,"date":"2008-03-03T23:23:43","date_gmt":"2008-03-03T23:23:43","guid":{"rendered":"http:\/\/archiv.szolnoktv.hu\/?p=30693"},"modified":"2021-11-17T11:51:04","modified_gmt":"2021-11-17T11:51:04","slug":"mas-szelek-fujnak","status":"publish","type":"post","link":"http:\/\/archiv.szolnoktv.hu\/?p=30693","title":{"rendered":"M\u00e1s szelek f\u00fajnak"},"content":{"rendered":"<div class='booster-block booster-read-block'><\/div><p>Az irodai pap\u00edrok ir\u00e1nt egyre kisebb a kereslet, emiatt k\u00e9nytelen m\u00e1rcius tizennyolcadik\u00e1val le\u00e1llni a szolnoki gy\u00e1r is. A tulajdonos az \u00e9rdekk\u00e9pviseletekkel egyeztet a dolgoz\u00f3k v\u00e9gkiel\u00e9g\u00edt\u00e9sen k\u00edv\u00fcli juttat\u00e1sair\u00f3l, mik\u00f6zben szakmai befektet\u0151k is \u00e9rdekl\u0151dnek a nagym\u00falt\u00fa, magas technikai sz\u00ednvonalat jelent\u0151 egys\u00e9g ir\u00e1nt.<br \/>\nBeborult az \u00e9g az irodai pap\u00edrgy\u00e1rt\u00f3k felett. Az elm\u00falt k\u00e9t \u00e9vben hat, a szolnokihoz hasonl\u00f3 pap\u00edrt el\u0151\u00e1ll\u00edt\u00f3 gy\u00e1rat kellett bez\u00e1rni. Az adatokat m\u00e1r lemezen t\u00e1rolj\u00e1k, nem pap\u00edron, elektronikus \u00faton folynak a levelez\u00e9sek, nem pap\u00edron. A k\u00ednai, indiai, d\u00e9l- amerikai gy\u00e1rak pedig az eur\u00f3- doll\u00e1r \u00e1rfolyamk\u00fcl\u00f6nbs\u00e9g\u00e9t haszn\u00e1lj\u00e1k ki. Azaz egy argent\u00edn gy\u00e1r m\u00e1r azzal tizen\u00f6t- tizenh\u00e1rom sz\u00e1zal\u00e9kkal n\u00f6veli nyeres\u00e9g\u00e9t, ha eur\u00f3\u00e9rt, \u00e9s nem doll\u00e1r\u00e9rt ad el. A szolnoki gy\u00e1rat tulajdonl\u00f3 osztr\u00e1k c\u00e9g sem tudja tartani a l\u00e9p\u00e9st a konkurenci\u00e1val, a T\u00f3szegi \u00fati gy\u00e1rban- b\u00e1r vil\u00e1gsz\u00ednvonal\u00fa g\u00e9peken, kiv\u00e1l\u00f3 min\u0151s\u00e9g\u0171 termel\u00e9s folyik- a rakt\u00e1rk\u00e9szlet duzzad. A celull\u00f3z p\u00e9ld\u00e1ul Braz\u00edli\u00e1b\u00f3l \u00e9rkezik, az alapanyag\u00e1r a k\u00e9szterm\u00e9k 55 %- \u00e1t teszi ki, erre rak\u00f3dik m\u00e9g az energiak\u00f6lts\u00e9g tov\u00e1bbi 15 %- a. A 265 embert foglalkoztat\u00f3 gy\u00e1rban m\u00e1rcius tizennyolcadik\u00e1n megsz\u0171nik a termel\u00e9s. A ma d\u00e9lut\u00e1ni munk\u00e1sgy\u0171l\u00e9sen el is hangzott az a bejelent\u00e9s, amely a gy\u00e1ron bel\u00fcl senkit sem \u00e9rt m\u00e1r v\u00e1ratlanul. A tulajdonos eladja a gy\u00e1rat. Ez azonban nem felt\u00e9tlen\u00fcl jelenti azt, hogy az itt dolgoz\u00f3k utc\u00e1ra ker\u00fclnek, mint ahogy azt sem, hogy befejez\u0151dik a szolnoki pap\u00edrgy\u00e1rt\u00e1s egy fejezete. Szakmai befektet\u0151s is \u00e9rdekl\u0151dnek a gy\u00e1r ir\u00e1nt, az osztr\u00e1kok egyetlen kik\u00f6t\u00e9se: a vev\u0151 b\u00e1rmit gy\u00e1rthat az irodai pap\u00edrt kiv\u00e9ve. A legrosszabb eshet\u0151s\u00e9gre is van forgat\u00f3k\u00f6nyv. Ez a gy\u00e1r teljes m\u0171k\u00f6d\u00e9s\u00e9nek megsz\u00fcntet\u00e9se lenne. \u00c1m a Mondi sem \u00edgy, sem \u00fagy nem tart ig\u00e9nyt az itt dolgoz\u00f3kra, akiknek 80 %- a f\u00e9rfi, azaz hagyom\u00e1nyos csal\u00e1dfenntart\u00f3. N\u00e9h\u00e1ny havi fizet\u00e9st azonban a felmond\u00e1s ut\u00e1n is biztos\u00edt. Az 1995 \u00f3ta- ekkor lett a Neusiedler a szolnoki gy\u00e1r tulajdonosa- itt dolgoz\u00f3k a v\u00e9gkiel\u00e9g\u00edt\u00e9sen k\u00edv\u00fcl 12- 13 havi fizet\u00e9s\u00fcknek megfelel\u0151 \u00f6sszeget kapn\u00e1nak. A sikeres egyezked\u00e9sben b\u00edzik az \u00e9rdekk\u00e9pviselet is. Az \u00fczemi tan\u00e1cs \u00e9s a szakszervezet k\u00f6z\u00f6s nyilatkozat\u00e1ban az \u00e1ll: &#8220;Munkat\u00e1rsaink mindent elk\u00f6vettek gy\u00e1runk sikeres m\u0171k\u00f6d\u00e9s\u00e9\u00e9rt<br \/>\nhossz\u00fa \u00e9veken kereszt\u00fcl megfesz\u00edtett<br \/>\nmagas sz\u00ednvonal\u00fa munk\u00e1t v\u00e9geztek<\/p>\n","protected":false},"excerpt":{"rendered":"<p>Az irodai pap\u00edrok ir\u00e1nt egyre kisebb a kereslet, emiatt k\u00e9nytelen m\u00e1rcius tizennyolcadik\u00e1val le\u00e1llni a szolnoki gy\u00e1r is. A tulajdonos az \u00e9rdekk\u00e9pviseletekkel egyeztet a dolgoz\u00f3k v\u00e9gkiel\u00e9g\u00edt\u00e9sen k\u00edv\u00fcli juttat\u00e1sair\u00f3l, mik\u00f6zben szakmai befektet\u0151k is \u00e9rdekl\u0151dnek a nagym\u00falt\u00fa, magas technikai sz\u00ednvonalat jelent\u0151 egys\u00e9g ir\u00e1nt. Beborult az \u00e9g az irodai pap\u00edrgy\u00e1rt\u00f3k felett. Az elm\u00falt k\u00e9t \u00e9vben hat, a szolnokihoz hasonl\u00f3 [&hellip;]<\/p>\n","protected":false},"author":2,"featured_media":0,"comment_status":"open","ping_status":"open","sticky":false,"template":"","format":"standard","meta":[],"categories":[24],"tags":[],"_links":{"self":[{"href":"http:\/\/archiv.szolnoktv.hu\/index.php?rest_route=\/wp\/v2\/posts\/30693"}],"collection":[{"href":"http:\/\/archiv.szolnoktv.hu\/index.php?rest_route=\/wp\/v2\/posts"}],"about":[{"href":"http:\/\/archiv.szolnoktv.hu\/index.php?rest_route=\/wp\/v2\/types\/post"}],"author":[{"embeddable":true,"href":"http:\/\/archiv.szolnoktv.hu\/index.php?rest_route=\/wp\/v2\/users\/2"}],"replies":[{"embeddable":true,"href":"http:\/\/archiv.szolnoktv.hu\/index.php?rest_route=%2Fwp%2Fv2%2Fcomments&post=30693"}],"version-history":[{"count":1,"href":"http:\/\/archiv.szolnoktv.hu\/index.php?rest_route=\/wp\/v2\/posts\/30693\/revisions"}],"predecessor-version":[{"id":30856,"href":"http:\/\/archiv.szolnoktv.hu\/index.php?rest_route=\/wp\/v2\/posts\/30693\/revisions\/30856"}],"wp:attachment":[{"href":"http:\/\/archiv.szolnoktv.hu\/index.php?rest_route=%2Fwp%2Fv2%2Fmedia&parent=30693"}],"wp:term":[{"taxonomy":"category","embeddable":true,"href":"http:\/\/archiv.szolnoktv.hu\/index.php?rest_route=%2Fwp%2Fv2%2Fcategories&post=30693"},{"taxonomy":"post_tag","embeddable":true,"href":"http:\/\/archiv.szolnoktv.hu\/index.php?rest_route=%2Fwp%2Fv2%2Ftags&post=30693"}],"curies":[{"name":"wp","href":"https:\/\/api.w.org\/{rel}","templated":true}]}}