{"id":30691,"date":"2008-03-02T19:27:22","date_gmt":"2008-03-02T19:27:22","guid":{"rendered":"http:\/\/archiv.szolnoktv.hu\/?p=30691"},"modified":"2021-11-17T11:51:05","modified_gmt":"2021-11-17T11:51:05","slug":"gyalogosan-a-hadak-utjan","status":"publish","type":"post","link":"http:\/\/archiv.szolnoktv.hu\/?p=30691","title":{"rendered":"Gyalogosan a hadak \u00fatj\u00e1n"},"content":{"rendered":"<div class='booster-block booster-read-block'><\/div><p>Az 1849. m\u00e1rcius 5-i szolnoki csat\u00e1ra negyedsz\u00e1zada eml\u00e9keznek gyalogt\u00far\u00e1val. A Megyei Term\u00e9szetbar\u00e1t Sz\u00f6vets\u00e9g tagjai szombat d\u00e9lel\u0151tt a Damjanich szobort\u00f3l indulva eg\u00e9szen a Sz\u00e9chenyi parkerd\u0151ig s\u00e9t\u00e1ltak.  A szeles id\u0151 ellen\u00e9re most is voltak olyanok, akik v\u00e1llalt\u00e1k a Zagyva-parti gyalogl\u00e1st.<br \/>\nSzombat reggeli gy\u00fclekez\u0151 a Damjanich szoborn\u00e1l. A s\u00e9tabotok mellett a t\u00far\u00e1z\u00f3k egy-egy sz\u00e1l vir\u00e1got is hoztak magukkal. Az 1849. m\u00e1rcius 5-ei szolnoki csata tisztelet\u00e9re m\u00e1r 25 \u00e9ve rendeznek gyalogt\u00far\u00e1t. Ezen most is b\u00e1rki r\u00e9szt vehetett, \u00e9s maga d\u00f6nthette el, hogy a r\u00f6videbb, 5 kilom\u00e9teres vagy a hosszabb, 13 kilom\u00e9teres t\u00e1vot v\u00e1lasztja. A gyalogt\u00fara teh\u00e1t a Damjanich szobort\u00f3l indult, hiszen 1849-ben itt, a Szent J\u00e1nos pl\u00e9b\u00e1nia k\u00f6rny\u00e9k\u00e9n \u00e1lltak az osztr\u00e1k \u00e1gy\u00fak. A s\u00e9t\u00e1l\u00f3k a Zagyva-parton haladtak v\u00e9gig, fel a Malomsz\u00f6gi vash\u00eddig, ahol pedig akkoriban m\u00e9g csak fah\u00edd volt. Az 5 km-es t\u00fara r\u00e9sztvev\u0151i id\u00e9n eg\u00e9szen a Sz\u00e9chenyi parkerd\u0151ig gyalogoltak.<\/p>\n","protected":false},"excerpt":{"rendered":"<p>Az 1849. m\u00e1rcius 5-i szolnoki csat\u00e1ra negyedsz\u00e1zada eml\u00e9keznek gyalogt\u00far\u00e1val. A Megyei Term\u00e9szetbar\u00e1t Sz\u00f6vets\u00e9g tagjai szombat d\u00e9lel\u0151tt a Damjanich szobort\u00f3l indulva eg\u00e9szen a Sz\u00e9chenyi parkerd\u0151ig s\u00e9t\u00e1ltak. A szeles id\u0151 ellen\u00e9re most is voltak olyanok, akik v\u00e1llalt\u00e1k a Zagyva-parti gyalogl\u00e1st. Szombat reggeli gy\u00fclekez\u0151 a Damjanich szoborn\u00e1l. A s\u00e9tabotok mellett a t\u00far\u00e1z\u00f3k egy-egy sz\u00e1l vir\u00e1got is hoztak magukkal. [&hellip;]<\/p>\n","protected":false},"author":2,"featured_media":0,"comment_status":"open","ping_status":"open","sticky":false,"template":"","format":"standard","meta":[],"categories":[24],"tags":[],"_links":{"self":[{"href":"http:\/\/archiv.szolnoktv.hu\/index.php?rest_route=\/wp\/v2\/posts\/30691"}],"collection":[{"href":"http:\/\/archiv.szolnoktv.hu\/index.php?rest_route=\/wp\/v2\/posts"}],"about":[{"href":"http:\/\/archiv.szolnoktv.hu\/index.php?rest_route=\/wp\/v2\/types\/post"}],"author":[{"embeddable":true,"href":"http:\/\/archiv.szolnoktv.hu\/index.php?rest_route=\/wp\/v2\/users\/2"}],"replies":[{"embeddable":true,"href":"http:\/\/archiv.szolnoktv.hu\/index.php?rest_route=%2Fwp%2Fv2%2Fcomments&post=30691"}],"version-history":[{"count":1,"href":"http:\/\/archiv.szolnoktv.hu\/index.php?rest_route=\/wp\/v2\/posts\/30691\/revisions"}],"predecessor-version":[{"id":30858,"href":"http:\/\/archiv.szolnoktv.hu\/index.php?rest_route=\/wp\/v2\/posts\/30691\/revisions\/30858"}],"wp:attachment":[{"href":"http:\/\/archiv.szolnoktv.hu\/index.php?rest_route=%2Fwp%2Fv2%2Fmedia&parent=30691"}],"wp:term":[{"taxonomy":"category","embeddable":true,"href":"http:\/\/archiv.szolnoktv.hu\/index.php?rest_route=%2Fwp%2Fv2%2Fcategories&post=30691"},{"taxonomy":"post_tag","embeddable":true,"href":"http:\/\/archiv.szolnoktv.hu\/index.php?rest_route=%2Fwp%2Fv2%2Ftags&post=30691"}],"curies":[{"name":"wp","href":"https:\/\/api.w.org\/{rel}","templated":true}]}}