{"id":30690,"date":"2008-03-02T19:25:50","date_gmt":"2008-03-02T19:25:50","guid":{"rendered":"http:\/\/archiv.szolnoktv.hu\/?p=30690"},"modified":"2021-11-17T11:51:05","modified_gmt":"2021-11-17T11:51:05","slug":"borok-versengtek","status":"publish","type":"post","link":"http:\/\/archiv.szolnoktv.hu\/?p=30690","title":{"rendered":"Borok versengtek"},"content":{"rendered":"<div class='booster-block booster-read-block'><\/div><p>Orsz\u00e1gos viszonylatban is meg\u00e1llj\u00e1k hely\u00fcket a megyei borok &#8211; der\u00fclt ki a Bereczki M\u00e1t\u00e9 Gazdak\u00f6r \u00e1ltal szervezett Nemzetk\u00f6zi Borversenyen. A nyertesek az \u00fajabb borfajt\u00e1kb\u00f3l ker\u00fcltek ki.<br \/>\nNemcsak megyei szinten ismerik el a szolnoki bor\u00e1szokat, hanem orsz\u00e1gosan is &#8211; hangzott el Szandasz\u0151l\u0151s\u00f6n a 16. Nemzetk\u00f6zi Borversenyen. A Bereczki M\u00e1t\u00e9 Gazdak\u00f6r \u00e1ltal megrendezett versenyre helyi \u00e9s k\u00fclf\u00f6ldi gazd\u00e1k 46 bormint\u00e1t adtak le. Nevezni n\u00e9gy kateg\u00f3ri\u00e1ban: \u00f3 vagy \u00faj, feh\u00e9r illetve v\u00f6r\u00f6sborral lehetett. A zs\u0171ri szak\u00e9rt\u0151 borlovagrend tagokb\u00f3l \u00e1llt. Dem\u00e9ny Istv\u00e1n, a gazdak\u00f6r eln\u00f6ke hangs\u00falyozta, a k\u00f6rny\u00e9kbeli sz\u0151l\u0151sgazd\u00e1k \u00e9vr\u0151l \u00e9vre egyre jobb min\u0151s\u00e9g\u0171 borokat \u00e1ll\u00edtanak el\u0151. A j\u00f3 eredm\u00e9ny fontos, hiszen nincs k\u00f6nny\u0171 dolga az itteni gazd\u00e1knak: a f\u00f6ldrajzi \u00e9s id\u0151j\u00e1r\u00e1si viszonyok nem olyan kedvez\u0151ek, mint a nagy bortermel\u0151 vid\u00e9keken. \u00c1m a helyb\u00e9li bor\u00e1szok legink\u00e1bb nem elad\u00e1sra, hanem csal\u00e1djuknak k\u00e9sz\u00edtik a bort. M\u00edg kor\u00e1bban csak n\u00e9h\u00e1ny kadarka \u00e9s k\u00e9kfrankos volt honos ezen a vid\u00e9ken, ma m\u00e1r megteremnek az olasz \u00e9s francia fajt\u00e1k is. Az idei nyertesek a cserszegi f\u0171szeres borok \u00e9s a couve-k k\u00f6z\u00fcl ker\u00fcltek ki.<\/p>\n","protected":false},"excerpt":{"rendered":"<p>Orsz\u00e1gos viszonylatban is meg\u00e1llj\u00e1k hely\u00fcket a megyei borok &#8211; der\u00fclt ki a Bereczki M\u00e1t\u00e9 Gazdak\u00f6r \u00e1ltal szervezett Nemzetk\u00f6zi Borversenyen. A nyertesek az \u00fajabb borfajt\u00e1kb\u00f3l ker\u00fcltek ki. Nemcsak megyei szinten ismerik el a szolnoki bor\u00e1szokat, hanem orsz\u00e1gosan is &#8211; hangzott el Szandasz\u0151l\u0151s\u00f6n a 16. Nemzetk\u00f6zi Borversenyen. A Bereczki M\u00e1t\u00e9 Gazdak\u00f6r \u00e1ltal megrendezett versenyre helyi \u00e9s k\u00fclf\u00f6ldi [&hellip;]<\/p>\n","protected":false},"author":2,"featured_media":0,"comment_status":"open","ping_status":"open","sticky":false,"template":"","format":"standard","meta":[],"categories":[24],"tags":[],"_links":{"self":[{"href":"http:\/\/archiv.szolnoktv.hu\/index.php?rest_route=\/wp\/v2\/posts\/30690"}],"collection":[{"href":"http:\/\/archiv.szolnoktv.hu\/index.php?rest_route=\/wp\/v2\/posts"}],"about":[{"href":"http:\/\/archiv.szolnoktv.hu\/index.php?rest_route=\/wp\/v2\/types\/post"}],"author":[{"embeddable":true,"href":"http:\/\/archiv.szolnoktv.hu\/index.php?rest_route=\/wp\/v2\/users\/2"}],"replies":[{"embeddable":true,"href":"http:\/\/archiv.szolnoktv.hu\/index.php?rest_route=%2Fwp%2Fv2%2Fcomments&post=30690"}],"version-history":[{"count":1,"href":"http:\/\/archiv.szolnoktv.hu\/index.php?rest_route=\/wp\/v2\/posts\/30690\/revisions"}],"predecessor-version":[{"id":30859,"href":"http:\/\/archiv.szolnoktv.hu\/index.php?rest_route=\/wp\/v2\/posts\/30690\/revisions\/30859"}],"wp:attachment":[{"href":"http:\/\/archiv.szolnoktv.hu\/index.php?rest_route=%2Fwp%2Fv2%2Fmedia&parent=30690"}],"wp:term":[{"taxonomy":"category","embeddable":true,"href":"http:\/\/archiv.szolnoktv.hu\/index.php?rest_route=%2Fwp%2Fv2%2Fcategories&post=30690"},{"taxonomy":"post_tag","embeddable":true,"href":"http:\/\/archiv.szolnoktv.hu\/index.php?rest_route=%2Fwp%2Fv2%2Ftags&post=30690"}],"curies":[{"name":"wp","href":"https:\/\/api.w.org\/{rel}","templated":true}]}}