{"id":30689,"date":"2008-03-02T19:24:25","date_gmt":"2008-03-02T19:24:25","guid":{"rendered":"http:\/\/archiv.szolnoktv.hu\/?p=30689"},"modified":"2021-11-17T11:51:05","modified_gmt":"2021-11-17T11:51:05","slug":"harom-nem","status":"publish","type":"post","link":"http:\/\/archiv.szolnoktv.hu\/?p=30689","title":{"rendered":"H\u00e1rom NEM"},"content":{"rendered":"<div class='booster-block booster-read-block'><\/div><p>Meg\u00fajul\u00e1sr\u00f3l \u00e9s a n\u00e9pszavaz\u00e1sr\u00f3l tartott t\u00e1j\u00e9koztat\u00f3t a Fiatal Baloldal. A meg\u00fajul\u00e1st a politik\u00e1ban, a szervezeti fel\u00e9p\u00edt\u00e9sben \u00e9s a kommunik\u00e1ci\u00f3ban tervezik; a n\u00e9pszavaz\u00e1son pedig a h\u00e1rom nemre voksolnak.<br \/>\nMeg\u00fajul a Fiatal Baloldal. Err\u0151l \u00e9s a n\u00e9pszavaz\u00e1si kamp\u00e1nyr\u00f3l tartott t\u00e1j\u00e9koztat\u00f3t R\u00f3zsa Endre orsz\u00e1gos aleln\u00f6k \u00e9s Guly\u00e1s Adrienn, a Magyar Szocialista P\u00e1rt megyei aleln\u00f6ke. Tavaly \u00e9v v\u00e9g\u00e9n m\u00e1r a 2010-es v\u00e1laszt\u00e1sokra k\u00e9sz\u00fclve a FIB tagjai meg\u00fajul\u00e1st kezdem\u00e9nyeztek, mely h\u00e1rom ter\u00fcleten val\u00f3sul majd meg. Az els\u0151 egy \u00faj politikai program l\u00e9trehoz\u00e1s\u00e1t \u00e9s a demokr\u00e1ci\u00e1ra nevel\u00e9st c\u00e9lozza meg. A kommunik\u00e1ci\u00f3s meg\u00fajul\u00e1s \u00faj arculatot, log\u00f3t \u00e9s megjelen\u00e9st jelent, a szervezeti \u00e1talakul\u00e1s keret\u00e9ben pedig t\u00f6bb FIB szervezetet szeretn\u00e9nek l\u00e9trehozni, els\u0151sorban azokon a ter\u00fcleteken, ahol m\u00e9g nincs. A n\u00e9pszavaz\u00e1ssal kapcsolatban elhangzott: a vizitd\u00edj mellett az\u00e9rt \u00e1llnak ki, mert szerint\u00fck az ell\u00e1t\u00e1s min\u0151s\u00e9g\u00e9t fogja jav\u00edtani. A Fiatal Baloldal a tand\u00edjjal is egyet\u00e9rt, amelyt\u0151l a fels\u0151oktat\u00e1s sz\u00ednvonal\u00e1nak n\u00f6veked\u00e9s\u00e9t v\u00e1rj\u00e1k. A t\u00e1j\u00e9koztat\u00f3n sz\u00f3 volt az \u00fagynevezett R\u00e9gi Magyarorsz\u00e1g programr\u00f3l is, melynek keret\u00e9ben r\u00e9gi kisfilmek st\u00edlus\u00e1ban mutatj\u00e1k be a reformok n\u00e9lk\u00fcli Magyarorsz\u00e1got. Eddig a n\u00e9pszavaz\u00e1sra 4 ilyen r\u00f6vidfilm k\u00e9sz\u00fclt el az oktat\u00e1sr\u00f3l \u00e9s az eg\u00e9szs\u00e9g\u00fcgyr\u0151l, de az alkot\u00f3k t\u00f6bbet is terveznek m\u00e1s aktu\u00e1lis t\u00e9m\u00e1kban.<\/p>\n","protected":false},"excerpt":{"rendered":"<p>Meg\u00fajul\u00e1sr\u00f3l \u00e9s a n\u00e9pszavaz\u00e1sr\u00f3l tartott t\u00e1j\u00e9koztat\u00f3t a Fiatal Baloldal. A meg\u00fajul\u00e1st a politik\u00e1ban, a szervezeti fel\u00e9p\u00edt\u00e9sben \u00e9s a kommunik\u00e1ci\u00f3ban tervezik; a n\u00e9pszavaz\u00e1son pedig a h\u00e1rom nemre voksolnak. Meg\u00fajul a Fiatal Baloldal. Err\u0151l \u00e9s a n\u00e9pszavaz\u00e1si kamp\u00e1nyr\u00f3l tartott t\u00e1j\u00e9koztat\u00f3t R\u00f3zsa Endre orsz\u00e1gos aleln\u00f6k \u00e9s Guly\u00e1s Adrienn, a Magyar Szocialista P\u00e1rt megyei aleln\u00f6ke. Tavaly \u00e9v v\u00e9g\u00e9n m\u00e1r [&hellip;]<\/p>\n","protected":false},"author":2,"featured_media":0,"comment_status":"open","ping_status":"open","sticky":false,"template":"","format":"standard","meta":[],"categories":[24],"tags":[],"_links":{"self":[{"href":"http:\/\/archiv.szolnoktv.hu\/index.php?rest_route=\/wp\/v2\/posts\/30689"}],"collection":[{"href":"http:\/\/archiv.szolnoktv.hu\/index.php?rest_route=\/wp\/v2\/posts"}],"about":[{"href":"http:\/\/archiv.szolnoktv.hu\/index.php?rest_route=\/wp\/v2\/types\/post"}],"author":[{"embeddable":true,"href":"http:\/\/archiv.szolnoktv.hu\/index.php?rest_route=\/wp\/v2\/users\/2"}],"replies":[{"embeddable":true,"href":"http:\/\/archiv.szolnoktv.hu\/index.php?rest_route=%2Fwp%2Fv2%2Fcomments&post=30689"}],"version-history":[{"count":1,"href":"http:\/\/archiv.szolnoktv.hu\/index.php?rest_route=\/wp\/v2\/posts\/30689\/revisions"}],"predecessor-version":[{"id":30860,"href":"http:\/\/archiv.szolnoktv.hu\/index.php?rest_route=\/wp\/v2\/posts\/30689\/revisions\/30860"}],"wp:attachment":[{"href":"http:\/\/archiv.szolnoktv.hu\/index.php?rest_route=%2Fwp%2Fv2%2Fmedia&parent=30689"}],"wp:term":[{"taxonomy":"category","embeddable":true,"href":"http:\/\/archiv.szolnoktv.hu\/index.php?rest_route=%2Fwp%2Fv2%2Fcategories&post=30689"},{"taxonomy":"post_tag","embeddable":true,"href":"http:\/\/archiv.szolnoktv.hu\/index.php?rest_route=%2Fwp%2Fv2%2Ftags&post=30689"}],"curies":[{"name":"wp","href":"https:\/\/api.w.org\/{rel}","templated":true}]}}