{"id":30688,"date":"2008-03-02T19:22:14","date_gmt":"2008-03-02T19:22:14","guid":{"rendered":"http:\/\/archiv.szolnoktv.hu\/?p=30688"},"modified":"2021-11-17T11:51:05","modified_gmt":"2021-11-17T11:51:05","slug":"harom-igen-re-buzditottak","status":"publish","type":"post","link":"http:\/\/archiv.szolnoktv.hu\/?p=30688","title":{"rendered":"H\u00e1rom IGEN- re buzd\u00edtottak"},"content":{"rendered":"<div class='booster-block booster-read-block'><\/div><p>\u00d6sszefog\u00e1sra \u00e9s h\u00e1rom igenre buzd\u00edtotta a cig\u00e1nys\u00e1got Farkas Fl\u00f3ri\u00e1n a Lungo Drom 18. kongresszus\u00e1n. A rendezv\u00e9nyen elhangzott, a m\u00e1rcius 9-i n\u00e9pszavaz\u00e1s nemcsak a cig\u00e1nys\u00e1g jelen\u00e9t, hanem a j\u00f6v\u0151j\u00e9t is meghat\u00e1rozza.<br \/>\nA m\u00e1rcius 9-i h\u00e1rom igen volt a f\u0151 t\u00e9ma a Lungo Drom Orsz\u00e1gos Cig\u00e1ny \u00c9rdekv\u00e9delmi \u00e9s Polg\u00e1ri Sz\u00f6vets\u00e9g 18. kongresszus\u00e1n, Szolnokon. A rendezv\u00e9nyen t\u00f6bb ismert k\u00f6z\u00e9leti szem\u00e9ly is r\u00e9szt vett. K\u00f6sz\u00f6nt\u0151t mondott t\u00f6bbek k\u00f6z\u00f6tt Balogh Zolt\u00e1n, az Orsz\u00e1ggy\u0171l\u00e9s Emberi Jogi Bizotts\u00e1g\u00e1nak eln\u00f6ke, Lezs\u00e1k S\u00e1ndor, az Orsz\u00e1ggy\u0171l\u00e9s aleln\u00f6ke, Jakab Istv\u00e1n, a Magyar Gazdak\u00f6r\u00f6k \u00e9s Gazdasz\u00f6vetkezetek Sz\u00f6vets\u00e9g\u00e9nek eln\u00f6ke \u00e9s T\u00fari-Kov\u00e1cs B\u00e9la, a Fidesz frakci\u00f3vezet\u0151-helyettese. A kongresszust lev\u00e9lben k\u00f6sz\u00f6nt\u00f6tte Orb\u00e1n Viktor, a Fidesz eln\u00f6ke \u00e9s Szalay Ferenc, Szolnok polg\u00e1rmestere. A k\u00f6sz\u00f6nt\u0151k ut\u00e1n Tarl\u00f3s Istv\u00e1n, a Szoci\u00e1lis N\u00e9pszavaz\u00e1s 2008 kamp\u00e1nyf\u0151n\u00f6ke a cig\u00e1nys\u00e1g helyzet\u00e9r\u0151l besz\u00e9lt \u00e9s a n\u00e9pszavaz\u00e1s fontoss\u00e1g\u00e1t hangs\u00falyozta. Tarl\u00f3s Istv\u00e1n lesz\u00f6gezte: n\u00e9pszavaz\u00e1sra az\u00e9rt van sz\u00fcks\u00e9g, mert a korm\u00e1ny \u00edg\u00e9reteit nem tartja be, hanem azokkal sz\u00f6ges ellent\u00e9tben politiz\u00e1l. Ez\u00e9rt m\u00e1rcius 9-\u00e9n \u00f6ssze kell fogni, \u00e9s egy\u00fctt kell fell\u00e9pni, hogy a j\u00f6v\u0151 megv\u00e1ltozzon. Az \u00f6sszefog\u00e1sra sz\u00f3l\u00edtotta fel a cig\u00e1nys\u00e1got a szavaz\u00e1ssal kapcsolatban a Lungo Drom eln\u00f6ke is. Farkas Fl\u00f3ri\u00e1n hozz\u00e1tette: a n\u00e9pszavaz\u00e1s h\u00e1rom k\u00e9rd\u00e9se nemcsak a cig\u00e1nys\u00e1g jelen\u00e9t, hanem a j\u00f6v\u0151j\u00e9t is meghat\u00e1rozza, hiszen nincs p\u00e9nz\u00fck a vizitd\u00edj \u00e9s k\u00f3rh\u00e1zi napid\u00edj kifizet\u00e9s\u00e9re, a tand\u00edj bevezet\u00e9s\u00e9vel pedig att\u00f3l a kev\u00e9s roma sz\u00e1rmaz\u00e1s\u00fa gyerekt\u0151l is elveszik a lehet\u0151s\u00e9get, aki fels\u0151oktat\u00e1sban tov\u00e1bb akar tanulni. Ez\u00e9rt van sz\u00fcks\u00e9g arra, hogy mindannyian igennel szavazzanak. A nemr\u00e9giben kirobbant szavazatv\u00e1s\u00e1rl\u00e1si \u00fcggyel kapcsolatban elmondta, a cig\u00e1ny szavazatok nem elad\u00f3k.<\/p>\n","protected":false},"excerpt":{"rendered":"<p>\u00d6sszefog\u00e1sra \u00e9s h\u00e1rom igenre buzd\u00edtotta a cig\u00e1nys\u00e1got Farkas Fl\u00f3ri\u00e1n a Lungo Drom 18. kongresszus\u00e1n. A rendezv\u00e9nyen elhangzott, a m\u00e1rcius 9-i n\u00e9pszavaz\u00e1s nemcsak a cig\u00e1nys\u00e1g jelen\u00e9t, hanem a j\u00f6v\u0151j\u00e9t is meghat\u00e1rozza. A m\u00e1rcius 9-i h\u00e1rom igen volt a f\u0151 t\u00e9ma a Lungo Drom Orsz\u00e1gos Cig\u00e1ny \u00c9rdekv\u00e9delmi \u00e9s Polg\u00e1ri Sz\u00f6vets\u00e9g 18. kongresszus\u00e1n, Szolnokon. A rendezv\u00e9nyen t\u00f6bb ismert [&hellip;]<\/p>\n","protected":false},"author":2,"featured_media":0,"comment_status":"open","ping_status":"open","sticky":false,"template":"","format":"standard","meta":[],"categories":[24],"tags":[],"_links":{"self":[{"href":"http:\/\/archiv.szolnoktv.hu\/index.php?rest_route=\/wp\/v2\/posts\/30688"}],"collection":[{"href":"http:\/\/archiv.szolnoktv.hu\/index.php?rest_route=\/wp\/v2\/posts"}],"about":[{"href":"http:\/\/archiv.szolnoktv.hu\/index.php?rest_route=\/wp\/v2\/types\/post"}],"author":[{"embeddable":true,"href":"http:\/\/archiv.szolnoktv.hu\/index.php?rest_route=\/wp\/v2\/users\/2"}],"replies":[{"embeddable":true,"href":"http:\/\/archiv.szolnoktv.hu\/index.php?rest_route=%2Fwp%2Fv2%2Fcomments&post=30688"}],"version-history":[{"count":1,"href":"http:\/\/archiv.szolnoktv.hu\/index.php?rest_route=\/wp\/v2\/posts\/30688\/revisions"}],"predecessor-version":[{"id":30861,"href":"http:\/\/archiv.szolnoktv.hu\/index.php?rest_route=\/wp\/v2\/posts\/30688\/revisions\/30861"}],"wp:attachment":[{"href":"http:\/\/archiv.szolnoktv.hu\/index.php?rest_route=%2Fwp%2Fv2%2Fmedia&parent=30688"}],"wp:term":[{"taxonomy":"category","embeddable":true,"href":"http:\/\/archiv.szolnoktv.hu\/index.php?rest_route=%2Fwp%2Fv2%2Fcategories&post=30688"},{"taxonomy":"post_tag","embeddable":true,"href":"http:\/\/archiv.szolnoktv.hu\/index.php?rest_route=%2Fwp%2Fv2%2Ftags&post=30688"}],"curies":[{"name":"wp","href":"https:\/\/api.w.org\/{rel}","templated":true}]}}