{"id":30687,"date":"2008-03-02T19:19:50","date_gmt":"2008-03-02T19:19:50","guid":{"rendered":"http:\/\/archiv.szolnoktv.hu\/?p=30687"},"modified":"2021-11-17T11:51:05","modified_gmt":"2021-11-17T11:51:05","slug":"gyujtogatas-tiszaroffon","status":"publish","type":"post","link":"http:\/\/archiv.szolnoktv.hu\/?p=30687","title":{"rendered":"Gy\u00fajtogat\u00e1s Tiszaroffon"},"content":{"rendered":"<div class='booster-block booster-read-block'><\/div><p>Sz\u00e1nd\u00e9kos gy\u00fajtogat\u00e1s miatt ind\u00edtott elj\u00e1r\u00e1st a rend\u0151rs\u00e9g egy Tiszaroffon t\u00f6rt\u00e9nt t\u0171zeset kapcs\u00e1n. A ki\u00e9gett h\u00e1zban a kunmadarasi cig\u00e1ny kisebbs\u00e9gi \u00f6nkorm\u00e1nyzat k\u00e9pvisel\u0151je lakott, szem\u00e9lyi s\u00e9r\u00fcl\u00e9s szerencs\u00e9re nem t\u00f6rt\u00e9nt.<br \/>\n&#8222;Minden\u00fcnk odalett, nem maradt semmink se&#8230;&#8221;- mondta Botos Ern\u0151n\u00e9, a kunmadarasi cig\u00e1ny kisebbs\u00e9gi \u00f6nkorm\u00e1nyzati k\u00e9pvisel\u0151 feles\u00e9ge, miut\u00e1n szombaton hajnalban ismeretlenek felgy\u00fajtott\u00e1k tiszaroffi otthonukat. &#8222;\u00cdgy j\u00e1rnak a vires sz\u00e1j\u00fa komcsik, Kolomp\u00e1r kuty\u00e1i&#8221; &#8211; ez pedig m\u00e1r az a felirat, illetve horogkereszt, amelyet a ki\u00e9gett h\u00e1z fal\u00e1ra festettek fel. A k\u00e9pvisel\u0151t kor\u00e1bban telefonon is megfenyegett\u00e9k, \u00e1m azt nem tudni, a k\u00e9t eset van-e \u00f6sszef\u00fcgg\u00e9s. Botos Ern\u0151 elmondta: szombat hajnali f\u00e9l n\u00e9gykor zajt hallott, majd f\u00fcst\u00f6t \u00e9rzett \u00e9s az udvarra kil\u00e9pve vette \u00e9szre, hogy \u00e9g a csal\u00e1di h\u00e1zuk teteje. A l\u00e1ngokat a t\u0171zolt\u00f3k f\u00e9kezt\u00e9k meg, a h\u00e1z teljesen ki\u00e9gett, a b\u00fatorok haszn\u00e1lhatatlann\u00e1 v\u00e1ltak. Kolomp\u00e1r Orb\u00e1n, az Orsz\u00e1gos Cig\u00e1ny \u00d6nkorm\u00e1nyzat eln\u00f6ke az eset m\u00f6g\u00f6tt politikai ind\u00edttat\u00e1st gyan\u00edt. A rend\u0151rs\u00e9g, sz\u00e1nd\u00e9kos gy\u00fajtogat\u00e1s miatt, ismeretlen tettes ellen ind\u00edtott nyomoz\u00e1st.<\/p>\n","protected":false},"excerpt":{"rendered":"<p>Sz\u00e1nd\u00e9kos gy\u00fajtogat\u00e1s miatt ind\u00edtott elj\u00e1r\u00e1st a rend\u0151rs\u00e9g egy Tiszaroffon t\u00f6rt\u00e9nt t\u0171zeset kapcs\u00e1n. A ki\u00e9gett h\u00e1zban a kunmadarasi cig\u00e1ny kisebbs\u00e9gi \u00f6nkorm\u00e1nyzat k\u00e9pvisel\u0151je lakott, szem\u00e9lyi s\u00e9r\u00fcl\u00e9s szerencs\u00e9re nem t\u00f6rt\u00e9nt. &#8222;Minden\u00fcnk odalett, nem maradt semmink se&#8230;&#8221;- mondta Botos Ern\u0151n\u00e9, a kunmadarasi cig\u00e1ny kisebbs\u00e9gi \u00f6nkorm\u00e1nyzati k\u00e9pvisel\u0151 feles\u00e9ge, miut\u00e1n szombaton hajnalban ismeretlenek felgy\u00fajtott\u00e1k tiszaroffi otthonukat. &#8222;\u00cdgy j\u00e1rnak a vires sz\u00e1j\u00fa [&hellip;]<\/p>\n","protected":false},"author":2,"featured_media":0,"comment_status":"open","ping_status":"open","sticky":false,"template":"","format":"standard","meta":[],"categories":[24],"tags":[],"_links":{"self":[{"href":"http:\/\/archiv.szolnoktv.hu\/index.php?rest_route=\/wp\/v2\/posts\/30687"}],"collection":[{"href":"http:\/\/archiv.szolnoktv.hu\/index.php?rest_route=\/wp\/v2\/posts"}],"about":[{"href":"http:\/\/archiv.szolnoktv.hu\/index.php?rest_route=\/wp\/v2\/types\/post"}],"author":[{"embeddable":true,"href":"http:\/\/archiv.szolnoktv.hu\/index.php?rest_route=\/wp\/v2\/users\/2"}],"replies":[{"embeddable":true,"href":"http:\/\/archiv.szolnoktv.hu\/index.php?rest_route=%2Fwp%2Fv2%2Fcomments&post=30687"}],"version-history":[{"count":1,"href":"http:\/\/archiv.szolnoktv.hu\/index.php?rest_route=\/wp\/v2\/posts\/30687\/revisions"}],"predecessor-version":[{"id":30862,"href":"http:\/\/archiv.szolnoktv.hu\/index.php?rest_route=\/wp\/v2\/posts\/30687\/revisions\/30862"}],"wp:attachment":[{"href":"http:\/\/archiv.szolnoktv.hu\/index.php?rest_route=%2Fwp%2Fv2%2Fmedia&parent=30687"}],"wp:term":[{"taxonomy":"category","embeddable":true,"href":"http:\/\/archiv.szolnoktv.hu\/index.php?rest_route=%2Fwp%2Fv2%2Fcategories&post=30687"},{"taxonomy":"post_tag","embeddable":true,"href":"http:\/\/archiv.szolnoktv.hu\/index.php?rest_route=%2Fwp%2Fv2%2Ftags&post=30687"}],"curies":[{"name":"wp","href":"https:\/\/api.w.org\/{rel}","templated":true}]}}