{"id":30523,"date":"2008-02-29T23:57:07","date_gmt":"2008-02-29T23:57:07","guid":{"rendered":"http:\/\/archiv.szolnoktv.hu\/?p=30523"},"modified":"2021-11-17T11:36:24","modified_gmt":"2021-11-17T11:36:24","slug":"kalevala","status":"publish","type":"post","link":"http:\/\/archiv.szolnoktv.hu\/?p=30523","title":{"rendered":"Kalevala"},"content":{"rendered":"<div class='booster-block booster-read-block'><\/div><p>Febru\u00e1r 28-a a finn kult\u00fara napja. 1835-ben ugyanis ezen a napon sz\u00fcletett meg a Kalevala, a finnek n\u00e9pi eposza.<br \/>\nA Kod\u00e1ly- k\u00f3rus finn n\u00e9pdalokat adott el\u0151 p\u00e9ntek d\u00e9lut\u00e1n. A Megyei K\u00f6nyvt\u00e1rban a Finn Kult\u00fara Napja alkalm\u00e1b\u00f3l tartottak \u00fcnneps\u00e9get. \u00c9szaki nyelvrokonaink n\u00e9pi eposza, a Kalevala ugyanis febru\u00e1r 28-\u00e1n sz\u00fcletett. A 32 r\u00fan\u00f3b\u00f3l, azaz \u00e9nekb\u0151l \u00e1ll\u00f3 eposzt egy falusi tan\u00edt\u00f3, L\u00f6nrott gy\u0171jt\u00f6tte \u00f6ssze.  A Kaleva a finn n\u00e9p \u0151si \u00e9let\u00e9r\u0151l, vil\u00e1gk\u00e9p\u00e9r\u0151l, \u00e9s persze k\u00fcl\u00f6nleges k\u00e9pess\u00e9g\u0171 h\u0151seir\u0151l, k\u00f6zt\u00fck Vejnem\u00f6jnenr\u0151l sz\u00f3l. Az eposz magyarra \u00fcltetve is t\u00f6bbsz\u00f6r megjelent. A R\u00e1cz Istv\u00e1n f\u00e9le  ford\u00edt\u00e1s pedig a szolnoki rajztan\u00e1rt, Sz\u00e1vai Istv\u00e1nt is megihlette. 15 \u00e9vvel ezel\u0151tt di\u00e1kjaival lin\u00f3metszeten \u00e1br\u00e1zolt\u00e1k a Kaleval\u00e1t. A 27 m\u00e9teres alkot\u00e1s most v\u00e1sznon volt l\u00e1that\u00f3.<\/p>\n","protected":false},"excerpt":{"rendered":"<p>Febru\u00e1r 28-a a finn kult\u00fara napja. 1835-ben ugyanis ezen a napon sz\u00fcletett meg a Kalevala, a finnek n\u00e9pi eposza. A Kod\u00e1ly- k\u00f3rus finn n\u00e9pdalokat adott el\u0151 p\u00e9ntek d\u00e9lut\u00e1n. A Megyei K\u00f6nyvt\u00e1rban a Finn Kult\u00fara Napja alkalm\u00e1b\u00f3l tartottak \u00fcnneps\u00e9get. \u00c9szaki nyelvrokonaink n\u00e9pi eposza, a Kalevala ugyanis febru\u00e1r 28-\u00e1n sz\u00fcletett. A 32 r\u00fan\u00f3b\u00f3l, azaz \u00e9nekb\u0151l \u00e1ll\u00f3 eposzt [&hellip;]<\/p>\n","protected":false},"author":2,"featured_media":0,"comment_status":"open","ping_status":"open","sticky":false,"template":"","format":"standard","meta":[],"categories":[24],"tags":[],"_links":{"self":[{"href":"http:\/\/archiv.szolnoktv.hu\/index.php?rest_route=\/wp\/v2\/posts\/30523"}],"collection":[{"href":"http:\/\/archiv.szolnoktv.hu\/index.php?rest_route=\/wp\/v2\/posts"}],"about":[{"href":"http:\/\/archiv.szolnoktv.hu\/index.php?rest_route=\/wp\/v2\/types\/post"}],"author":[{"embeddable":true,"href":"http:\/\/archiv.szolnoktv.hu\/index.php?rest_route=\/wp\/v2\/users\/2"}],"replies":[{"embeddable":true,"href":"http:\/\/archiv.szolnoktv.hu\/index.php?rest_route=%2Fwp%2Fv2%2Fcomments&post=30523"}],"version-history":[{"count":1,"href":"http:\/\/archiv.szolnoktv.hu\/index.php?rest_route=\/wp\/v2\/posts\/30523\/revisions"}],"predecessor-version":[{"id":30524,"href":"http:\/\/archiv.szolnoktv.hu\/index.php?rest_route=\/wp\/v2\/posts\/30523\/revisions\/30524"}],"wp:attachment":[{"href":"http:\/\/archiv.szolnoktv.hu\/index.php?rest_route=%2Fwp%2Fv2%2Fmedia&parent=30523"}],"wp:term":[{"taxonomy":"category","embeddable":true,"href":"http:\/\/archiv.szolnoktv.hu\/index.php?rest_route=%2Fwp%2Fv2%2Fcategories&post=30523"},{"taxonomy":"post_tag","embeddable":true,"href":"http:\/\/archiv.szolnoktv.hu\/index.php?rest_route=%2Fwp%2Fv2%2Ftags&post=30523"}],"curies":[{"name":"wp","href":"https:\/\/api.w.org\/{rel}","templated":true}]}}