{"id":30522,"date":"2008-02-29T23:55:59","date_gmt":"2008-02-29T23:55:59","guid":{"rendered":"http:\/\/archiv.szolnoktv.hu\/?p=30522"},"modified":"2021-11-17T11:36:24","modified_gmt":"2021-11-17T11:36:24","slug":"lejart-a-hatarido","status":"publish","type":"post","link":"http:\/\/archiv.szolnoktv.hu\/?p=30522","title":{"rendered":"Lej\u00e1rt a hat\u00e1rid\u0151"},"content":{"rendered":"<div class='booster-block booster-read-block'><\/div><p>A jogszab\u00e1ly szerint m\u00e1ig lehetett visszaig\u00e9nyelni a polg\u00e1rmesteri hivatalokban a 2007- ben befizetett 20- 20 h\u00e1ziorvosi, illetve szakorvosi vizit felett befizetett vizitd\u00edj \u00f6sszeg\u00e9t. Az \u00f6nkorm\u00e1nyzatok vizitd\u00edj- visszafizet\u00e9s\u00e9t a Magyar \u00c1llamkincst\u00e1r kifizeti.<br \/>\nA szolnoki polg\u00e1rmesteri hivatalban j\u00fanius \u00f3ta k\u00e9rhettek vizitd\u00edj- visszafizet\u00e9st azok, akik h\u00faszn\u00e1l t\u00f6bbsz\u00f6r fordultak meg h\u00e1ziorvosukn\u00e1l, vagy egy adott szakrendel\u00e9sen. J\u00faniust\u00f3l janu\u00e1r harmincegyedik\u00e9ig 141 ig\u00e9nyl\u00e9s \u00e9rkezett a jegyz&#245;i titk\u00e1rs\u00e1gra, kett&#245;sz\u00e1znyolcvan\u00f6tezer forint \u00f6sszes\u00edtett \u00e9rt\u00e9kben. Febru\u00e1rban harmincn\u00e1l t\u00f6bben k\u00e9rv\u00e9nyezt\u00e9k a vizitd\u00edj- visszafizet\u00e9st, ennek \u00f6sszeg\u00e9t tov\u00e1bbi hatvanezer forintra becs\u00fclik. \u00cdgy nagyj\u00e1b\u00f3l h\u00e1romsz\u00e1znegyvenezer forintot fizet vissza az \u00f6nkorm\u00e1nyzat. Ezt az \u00f6sszeget azonban a helyhat\u00f3s\u00e1g a Magyar \u00c1llamkincst\u00e1rt\u00f3l visszaig\u00e9nyelheti.<\/p>\n","protected":false},"excerpt":{"rendered":"<p>A jogszab\u00e1ly szerint m\u00e1ig lehetett visszaig\u00e9nyelni a polg\u00e1rmesteri hivatalokban a 2007- ben befizetett 20- 20 h\u00e1ziorvosi, illetve szakorvosi vizit felett befizetett vizitd\u00edj \u00f6sszeg\u00e9t. Az \u00f6nkorm\u00e1nyzatok vizitd\u00edj- visszafizet\u00e9s\u00e9t a Magyar \u00c1llamkincst\u00e1r kifizeti. A szolnoki polg\u00e1rmesteri hivatalban j\u00fanius \u00f3ta k\u00e9rhettek vizitd\u00edj- visszafizet\u00e9st azok, akik h\u00faszn\u00e1l t\u00f6bbsz\u00f6r fordultak meg h\u00e1ziorvosukn\u00e1l, vagy egy adott szakrendel\u00e9sen. J\u00faniust\u00f3l janu\u00e1r harmincegyedik\u00e9ig 141 [&hellip;]<\/p>\n","protected":false},"author":2,"featured_media":0,"comment_status":"open","ping_status":"open","sticky":false,"template":"","format":"standard","meta":[],"categories":[24],"tags":[],"_links":{"self":[{"href":"http:\/\/archiv.szolnoktv.hu\/index.php?rest_route=\/wp\/v2\/posts\/30522"}],"collection":[{"href":"http:\/\/archiv.szolnoktv.hu\/index.php?rest_route=\/wp\/v2\/posts"}],"about":[{"href":"http:\/\/archiv.szolnoktv.hu\/index.php?rest_route=\/wp\/v2\/types\/post"}],"author":[{"embeddable":true,"href":"http:\/\/archiv.szolnoktv.hu\/index.php?rest_route=\/wp\/v2\/users\/2"}],"replies":[{"embeddable":true,"href":"http:\/\/archiv.szolnoktv.hu\/index.php?rest_route=%2Fwp%2Fv2%2Fcomments&post=30522"}],"version-history":[{"count":1,"href":"http:\/\/archiv.szolnoktv.hu\/index.php?rest_route=\/wp\/v2\/posts\/30522\/revisions"}],"predecessor-version":[{"id":30525,"href":"http:\/\/archiv.szolnoktv.hu\/index.php?rest_route=\/wp\/v2\/posts\/30522\/revisions\/30525"}],"wp:attachment":[{"href":"http:\/\/archiv.szolnoktv.hu\/index.php?rest_route=%2Fwp%2Fv2%2Fmedia&parent=30522"}],"wp:term":[{"taxonomy":"category","embeddable":true,"href":"http:\/\/archiv.szolnoktv.hu\/index.php?rest_route=%2Fwp%2Fv2%2Fcategories&post=30522"},{"taxonomy":"post_tag","embeddable":true,"href":"http:\/\/archiv.szolnoktv.hu\/index.php?rest_route=%2Fwp%2Fv2%2Ftags&post=30522"}],"curies":[{"name":"wp","href":"https:\/\/api.w.org\/{rel}","templated":true}]}}