{"id":30520,"date":"2008-02-29T23:51:55","date_gmt":"2008-02-29T23:51:55","guid":{"rendered":"http:\/\/archiv.szolnoktv.hu\/?p=30520"},"modified":"2021-11-17T11:36:25","modified_gmt":"2021-11-17T11:36:25","slug":"szemben-a-kotvennyel","status":"publish","type":"post","link":"http:\/\/archiv.szolnoktv.hu\/?p=30520","title":{"rendered":"Szemben a k\u00f6tv\u00e9nnyel"},"content":{"rendered":"<div class='booster-block booster-read-block'><\/div><p>Felel\u0151s \u00e9p\u00edtkez\u00e9s, vagy felel\u0151tlen kock\u00e1zatv\u00e1llal\u00e1s? &#8211; tette fel a k\u00e9rd\u00e9st a megyei \u00f6nkorm\u00e1nyzat k\u00f6tv\u00e9nykibocs\u00e1t\u00e1s\u00e1val kapcsolatban az MSZP frakci\u00f3vezet\u0151je. Tokajin\u00e9 Demecs Katalin szerint mag\u00e1val a t\u00e9nnyel nem, \u00e9rt\u00e9k\u00e9vel viszont vitatkoznak, a visszafizet\u00e9s ugyanis komoly kih\u00edv\u00e1s el\u00e9 \u00e1ll\u00edtja majd a k\u00f6vetkez\u0151 test\u00fcleteket.<br \/>\nFolytat\u00f3dik az ad\u00f3ss\u00e1gn\u00f6veked\u00e9s, lanyhul a gazd\u00e1lkod\u00e1si fegyelem, mik\u00f6zben az el\u0151z\u0151 \u00e9vhez k\u00e9pest id\u00e9n nem cs\u00f6kken az \u00e1llami t\u00e1mogat\u00e1s &#8211; \u00edgy jellemezte t\u00e1j\u00e9koztat\u00f3j\u00e1n a megyei \u00f6nkorm\u00e1nyzat 2008-as k\u00f6lts\u00e9gvet\u00e9s\u00e9t Tokajin\u00e9 Demecs Katalin, a megyei k\u00f6zgy\u0171l\u00e9s MSZP frakci\u00f3j\u00e1nak vezet\u0151je. Az egy h\u00e9ttel ezel\u0151tt elfogadott rendelet 834 milli\u00f3 forintos indul\u00f3 hi\u00e1nnyal sz\u00e1mol, ami a 17,2 milli\u00e1rd forintos f\u0151\u00f6sszeg 5 sz\u00e1zal\u00e9ka. Ezt viszont t\u00falz\u00f3nak tartja Balogh B\u00e9la, a gazdas\u00e1gi bizotts\u00e1g aleln\u00f6ke. A politikus abban b\u00edzik, hogy az el\u0151z\u0151 \u00e9vhez hasonl\u00f3an, id\u00e9n is siker\u00fclt a fel\u00e9re cs\u00f6kkenteni a hi\u00e1nyt. A megyei k\u00f6zgy\u0171l\u00e9s t\u00f6bbs\u00e9gi szavaz\u00e1ssal d\u00f6nt\u00f6tt a 4 milli\u00e1rd forint \u00e9rt\u00e9k\u0171, 20 \u00e9ves futamidej\u0171, sv\u00e1jci frank alap\u00fa k\u00f6tv\u00e9ny kibocs\u00e1t\u00e1s\u00e1r\u00f3l is. Tok\u00e1r Istv\u00e1n, a p\u00e9nz\u00fcgyi bizotts\u00e1g eln\u00f6ke a divatir\u00e1nyzatokhoz hasonl\u00edtotta ezt a l\u00e9p\u00e9st, amelyet azok is k\u00f6vetnek, akiknek nem kellene. Ilyen helyzetben van a megyei \u00f6nkorm\u00e1nyzat is, \u00e9s b\u00e1r az ebb\u0151l a forr\u00e1sb\u00f3l megval\u00f3sul\u00f3 fejleszt\u00e9si c\u00e9lokkal egyet\u00e9rt a szocialista k\u00e9pvisel\u0151csoport, a visszafizet\u00e9s szinte elviselhetetlen terhet fog jelenteni 2010 ut\u00e1n.  Tok\u00e1r Istv\u00e1n \u00fagy v\u00e9li: egyed\u00fcl az illet\u00e9kbev\u00e9telek azok, amelyek jelent\u0151sebb t\u00e9telnek sz\u00e1m\u00edtanak, de miut\u00e1n ez nagyr\u00e9szt ma is a m\u0171k\u00f6d\u00e9si k\u00f6lts\u00e9gekre megy el, k\u00e9rd\u00e9s, mib\u0151l t\u00f6rleszti majd a megye a k\u00f6tv\u00e9ny r\u00e9szleteit.<\/p>\n","protected":false},"excerpt":{"rendered":"<p>Felel\u0151s \u00e9p\u00edtkez\u00e9s, vagy felel\u0151tlen kock\u00e1zatv\u00e1llal\u00e1s? &#8211; tette fel a k\u00e9rd\u00e9st a megyei \u00f6nkorm\u00e1nyzat k\u00f6tv\u00e9nykibocs\u00e1t\u00e1s\u00e1val kapcsolatban az MSZP frakci\u00f3vezet\u0151je. Tokajin\u00e9 Demecs Katalin szerint mag\u00e1val a t\u00e9nnyel nem, \u00e9rt\u00e9k\u00e9vel viszont vitatkoznak, a visszafizet\u00e9s ugyanis komoly kih\u00edv\u00e1s el\u00e9 \u00e1ll\u00edtja majd a k\u00f6vetkez\u0151 test\u00fcleteket. Folytat\u00f3dik az ad\u00f3ss\u00e1gn\u00f6veked\u00e9s, lanyhul a gazd\u00e1lkod\u00e1si fegyelem, mik\u00f6zben az el\u0151z\u0151 \u00e9vhez k\u00e9pest id\u00e9n nem cs\u00f6kken [&hellip;]<\/p>\n","protected":false},"author":2,"featured_media":0,"comment_status":"open","ping_status":"open","sticky":false,"template":"","format":"standard","meta":[],"categories":[24],"tags":[],"_links":{"self":[{"href":"http:\/\/archiv.szolnoktv.hu\/index.php?rest_route=\/wp\/v2\/posts\/30520"}],"collection":[{"href":"http:\/\/archiv.szolnoktv.hu\/index.php?rest_route=\/wp\/v2\/posts"}],"about":[{"href":"http:\/\/archiv.szolnoktv.hu\/index.php?rest_route=\/wp\/v2\/types\/post"}],"author":[{"embeddable":true,"href":"http:\/\/archiv.szolnoktv.hu\/index.php?rest_route=\/wp\/v2\/users\/2"}],"replies":[{"embeddable":true,"href":"http:\/\/archiv.szolnoktv.hu\/index.php?rest_route=%2Fwp%2Fv2%2Fcomments&post=30520"}],"version-history":[{"count":1,"href":"http:\/\/archiv.szolnoktv.hu\/index.php?rest_route=\/wp\/v2\/posts\/30520\/revisions"}],"predecessor-version":[{"id":30527,"href":"http:\/\/archiv.szolnoktv.hu\/index.php?rest_route=\/wp\/v2\/posts\/30520\/revisions\/30527"}],"wp:attachment":[{"href":"http:\/\/archiv.szolnoktv.hu\/index.php?rest_route=%2Fwp%2Fv2%2Fmedia&parent=30520"}],"wp:term":[{"taxonomy":"category","embeddable":true,"href":"http:\/\/archiv.szolnoktv.hu\/index.php?rest_route=%2Fwp%2Fv2%2Fcategories&post=30520"},{"taxonomy":"post_tag","embeddable":true,"href":"http:\/\/archiv.szolnoktv.hu\/index.php?rest_route=%2Fwp%2Fv2%2Ftags&post=30520"}],"curies":[{"name":"wp","href":"https:\/\/api.w.org\/{rel}","templated":true}]}}