{"id":30519,"date":"2008-02-29T23:49:48","date_gmt":"2008-02-29T23:49:48","guid":{"rendered":"http:\/\/archiv.szolnoktv.hu\/?p=30519"},"modified":"2021-11-17T11:36:25","modified_gmt":"2021-11-17T11:36:25","slug":"egy-lepes-az-egeszsegert","status":"publish","type":"post","link":"http:\/\/archiv.szolnoktv.hu\/?p=30519","title":{"rendered":"Egy l\u00e9p\u00e9s az eg\u00e9szs\u00e9g\u00e9rt"},"content":{"rendered":"<div class='booster-block booster-read-block'><\/div><p>&#8222;Tiszta sz\u00edvvel Szolnok\u00e9rt&#8221; c\u00edmmel betegs\u00e9gmegel\u0151z\u0151 lakoss\u00e1gi sz\u0171r\u0151vizsg\u00e1lati program indul Szolnokon. J\u00f6v\u0151 h\u00e9ten minden nap a v\u00e1ros k\u00fcl\u00f6nb\u00f6z\u0151 pontjain sz\u00e1mos vizsg\u00e1lat &#8211; mint p\u00e9ld\u00e1ul csonts\u0171r\u0171s\u00e9g m\u00e9r\u00e9s, z\u00f6ldh\u00e1lyog sz\u0171r\u00e9s, v\u00e9rnyom\u00e1s m\u00e9r\u00e9s &#8211; ingyenesen vehet\u0151 ig\u00e9nybe. Az \u00f6nkorm\u00e1nyzat m\u00e1sodik alkalommal h\u00edvta \u00e9letre a rendezv\u00e9nyt, tavaly csaknem k\u00e9tezren l\u00e1togattak el a sz\u00fcr\u0151viszg\u00e1latokra.<br \/>\nMagas v\u00e9rnyom\u00e1s, magas cukorszint, k\u00f3ros b\u0151relv\u00e1ltoz\u00e1s. Egyebek mellett ilyen betegs\u00e9geket  is kisz\u0171rtek egy \u00e9vvel ezel\u0151tt, az els\u0151 szolnoki &#8222;Tiszta sz\u00edvvel Szolnok\u00e9rt&#8221; elnevez\u00e9s\u0171 programsorozaton. Az ingyenes vizsg\u00e1latokra csaknem 2000-en mentek el. A tavalyi sikeren felbuzdulva az \u00f6nkorm\u00e1nyzat ism\u00e9t \u00e9letre h\u00edvta a rendezv\u00e9nyt. A m\u00e1sodik Tiszta sz\u00edvvel Szolnok\u00e9rt h\u00e9tf\u0151n indul az Aba-Nov\u00e1k Kultur\u00e1lis K\u00f6zpontban. Kedden a Kod\u00e1ly Zolt\u00e1n, szerd\u00e1n a Szandasz\u0151l\u0151si, cs\u00fct\u00f6rt\u00f6k\u00f6n a K\u0151r\u00f6si Csoma S\u00e1ndor \u00c1ltal\u00e1nos Iskol\u00e1ba, p\u00e9nteken az Eg\u00e9szs\u00e9g\u00fcgyi Szakk\u00f6z\u00e9piskol\u00e1ba, szombaton pedig a Hild Viktor V\u00e1rosi K\u00f6nyvt\u00e1rba v\u00e1rj\u00e1k az \u00e9rdekl\u0151d\u0151ket. \u00daj helysz\u00edn is van: m\u00e1rcius 10-\u00e9n a Kertv\u00e1rosi K\u00f6z\u00f6ss\u00e9gi H\u00e1zban is el\u00e9rhet\u0151k lesznek a sz\u0171r\u0151vizsg\u00e1latok, melyek k\u00f6r\u00e9t szint\u00e9n b\u0151v\u00edtett\u00e9k. Tavaly els\u0151sorban az id\u0151sek vettek r\u00e9szt a viszg\u00e1latokon, az \u00f6nkorm\u00e1nyzat azonban abban b\u00edznak id\u00e9n a fiatalok is tesznek az eg\u00e9szs\u00e9g\u00fck\u00e9rt.<\/p>\n","protected":false},"excerpt":{"rendered":"<p>&#8222;Tiszta sz\u00edvvel Szolnok\u00e9rt&#8221; c\u00edmmel betegs\u00e9gmegel\u0151z\u0151 lakoss\u00e1gi sz\u0171r\u0151vizsg\u00e1lati program indul Szolnokon. J\u00f6v\u0151 h\u00e9ten minden nap a v\u00e1ros k\u00fcl\u00f6nb\u00f6z\u0151 pontjain sz\u00e1mos vizsg\u00e1lat &#8211; mint p\u00e9ld\u00e1ul csonts\u0171r\u0171s\u00e9g m\u00e9r\u00e9s, z\u00f6ldh\u00e1lyog sz\u0171r\u00e9s, v\u00e9rnyom\u00e1s m\u00e9r\u00e9s &#8211; ingyenesen vehet\u0151 ig\u00e9nybe. Az \u00f6nkorm\u00e1nyzat m\u00e1sodik alkalommal h\u00edvta \u00e9letre a rendezv\u00e9nyt, tavaly csaknem k\u00e9tezren l\u00e1togattak el a sz\u00fcr\u0151viszg\u00e1latokra. Magas v\u00e9rnyom\u00e1s, magas cukorszint, k\u00f3ros b\u0151relv\u00e1ltoz\u00e1s. Egyebek [&hellip;]<\/p>\n","protected":false},"author":2,"featured_media":0,"comment_status":"open","ping_status":"open","sticky":false,"template":"","format":"standard","meta":[],"categories":[24],"tags":[],"_links":{"self":[{"href":"http:\/\/archiv.szolnoktv.hu\/index.php?rest_route=\/wp\/v2\/posts\/30519"}],"collection":[{"href":"http:\/\/archiv.szolnoktv.hu\/index.php?rest_route=\/wp\/v2\/posts"}],"about":[{"href":"http:\/\/archiv.szolnoktv.hu\/index.php?rest_route=\/wp\/v2\/types\/post"}],"author":[{"embeddable":true,"href":"http:\/\/archiv.szolnoktv.hu\/index.php?rest_route=\/wp\/v2\/users\/2"}],"replies":[{"embeddable":true,"href":"http:\/\/archiv.szolnoktv.hu\/index.php?rest_route=%2Fwp%2Fv2%2Fcomments&post=30519"}],"version-history":[{"count":1,"href":"http:\/\/archiv.szolnoktv.hu\/index.php?rest_route=\/wp\/v2\/posts\/30519\/revisions"}],"predecessor-version":[{"id":30528,"href":"http:\/\/archiv.szolnoktv.hu\/index.php?rest_route=\/wp\/v2\/posts\/30519\/revisions\/30528"}],"wp:attachment":[{"href":"http:\/\/archiv.szolnoktv.hu\/index.php?rest_route=%2Fwp%2Fv2%2Fmedia&parent=30519"}],"wp:term":[{"taxonomy":"category","embeddable":true,"href":"http:\/\/archiv.szolnoktv.hu\/index.php?rest_route=%2Fwp%2Fv2%2Fcategories&post=30519"},{"taxonomy":"post_tag","embeddable":true,"href":"http:\/\/archiv.szolnoktv.hu\/index.php?rest_route=%2Fwp%2Fv2%2Ftags&post=30519"}],"curies":[{"name":"wp","href":"https:\/\/api.w.org\/{rel}","templated":true}]}}