{"id":30518,"date":"2008-02-29T23:47:58","date_gmt":"2008-02-29T23:47:58","guid":{"rendered":"http:\/\/archiv.szolnoktv.hu\/?p=30518"},"modified":"2021-11-17T11:36:25","modified_gmt":"2021-11-17T11:36:25","slug":"ujabb-gazaremeles","status":"publish","type":"post","link":"http:\/\/archiv.szolnoktv.hu\/?p=30518","title":{"rendered":"\u00dajabb g\u00e1z\u00e1remel\u00e9s"},"content":{"rendered":"<div class='booster-block booster-read-block'><\/div><p>\u00c1prilis 1-j\u00e9t\u0151l \u00e1tlagosan 5,8 sz\u00e1zal\u00e9kkal emelkednek a lakoss\u00e1gi f\u00f6ldg\u00e1z\u00e1rak, a nem lakoss\u00e1giak \u00e1tlagosan 5,2 sz\u00e1zal\u00e9kkal &#8211; k\u00f6z\u00f6lte a gazdas\u00e1gi t\u00e1rca cs\u00fct\u00f6rt\u00f6k\u00f6n. Ez a v\u00e1rtn\u00e1l enyh\u00e9bb dr\u00e1gul\u00e1s, hiszen a Magyar Energia Hivatal kor\u00e1bban a 13,5 sz\u00e1zal\u00e9kos g\u00e1z\u00e1remel\u00e9st javasolt.<br \/>\nAz \u00e1prilis 1-jei g\u00e1z\u00e1remel\u00e9s egy \u00e1tlagos, az \u00e1rt\u00e1mogat\u00e1st ig\u00e9nybe nem vev\u0151 h\u00e1ztart\u00e1snak &#8211; 1650 k\u00f6bm\u00e9teres \u00e9ves fogyaszt\u00e1ssal sz\u00e1molva &#8211; havonta mintegy 800 forintos t\u00f6bbletkiad\u00e1st jelent a gazdas\u00e1gi t\u00e1rca sz\u00e1m\u00edt\u00e1sai szerint. A Magyar Energia Hivatal javaslat\u00e1ban m\u00e9g 13 sz\u00e1zal\u00e9kos \u00e1remel\u00e9s szerepelt, a szakt\u00e1rca azonban enn\u00e9l kevesebbet emel: a lakoss\u00e1gi fogyaszt\u00f3knak \u00e1tlagosan 5,8, a nem lakoss\u00e1gi fogyaszt\u00f3knak pedig \u00e1tlag 5,2 sz\u00e1zal\u00e9kkal kell majd t\u00f6bbet fizetni\u00fck a f\u00f6ldg\u00e1z\u00e9rt. A v\u00e1ltoz\u00e1s oka, hogy az energia hivatal az id\u00e9n j\u00falius 1-\u00e9re tervezett piacnyit\u00e1st figyelembe v\u00e9ve tette meg a javaslat\u00e1t, a f\u00f6ldg\u00e1zell\u00e1t\u00e1sr\u00f3l sz\u00f3l\u00f3 \u00faj t\u00f6rv\u00e9ny tervezet\u00e9nek t\u00e1rgyal\u00e1sa azonban csak tavasszal veszi majd kezdet\u00e9t. \u00cdgy a g\u00e1zpiaci liberaliz\u00e1ci\u00f3 lehets\u00e9ges id\u0151pontja j\u00f6v\u0151 janu\u00e1r 1-\u00e9re tol\u00f3dott, \u00edgy teh\u00e1t hosszabb id\u0151 van a k\u00f6z\u00fczemi nagykeresked\u0151vel szemben fenn\u00e1ll\u00f3 tartoz\u00e1s kiegyenl\u00edt\u00e9s\u00e9re. A g\u00e1z\u00e1rt\u00e1mogat\u00e1s k\u00f6bm\u00e9terenk\u00e9nti \u00f6sszege az emel\u00e9s ellen\u00e9re sem v\u00e1ltozik. \u00cdgy az \u00e1tlagos 5,8 sz\u00e1zal\u00e9kos lakoss\u00e1gi \u00e1remel\u00e9s az 57 ezer forintn\u00e1l kevesebbet keres\u0151k sz\u00e1m\u00e1ra 9,1 sz\u00e1zal\u00e9kos dr\u00e1gul\u00e1st jelent.<\/p>\n","protected":false},"excerpt":{"rendered":"<p>\u00c1prilis 1-j\u00e9t\u0151l \u00e1tlagosan 5,8 sz\u00e1zal\u00e9kkal emelkednek a lakoss\u00e1gi f\u00f6ldg\u00e1z\u00e1rak, a nem lakoss\u00e1giak \u00e1tlagosan 5,2 sz\u00e1zal\u00e9kkal &#8211; k\u00f6z\u00f6lte a gazdas\u00e1gi t\u00e1rca cs\u00fct\u00f6rt\u00f6k\u00f6n. Ez a v\u00e1rtn\u00e1l enyh\u00e9bb dr\u00e1gul\u00e1s, hiszen a Magyar Energia Hivatal kor\u00e1bban a 13,5 sz\u00e1zal\u00e9kos g\u00e1z\u00e1remel\u00e9st javasolt. Az \u00e1prilis 1-jei g\u00e1z\u00e1remel\u00e9s egy \u00e1tlagos, az \u00e1rt\u00e1mogat\u00e1st ig\u00e9nybe nem vev\u0151 h\u00e1ztart\u00e1snak &#8211; 1650 k\u00f6bm\u00e9teres \u00e9ves fogyaszt\u00e1ssal sz\u00e1molva [&hellip;]<\/p>\n","protected":false},"author":2,"featured_media":0,"comment_status":"open","ping_status":"open","sticky":false,"template":"","format":"standard","meta":[],"categories":[24],"tags":[],"_links":{"self":[{"href":"http:\/\/archiv.szolnoktv.hu\/index.php?rest_route=\/wp\/v2\/posts\/30518"}],"collection":[{"href":"http:\/\/archiv.szolnoktv.hu\/index.php?rest_route=\/wp\/v2\/posts"}],"about":[{"href":"http:\/\/archiv.szolnoktv.hu\/index.php?rest_route=\/wp\/v2\/types\/post"}],"author":[{"embeddable":true,"href":"http:\/\/archiv.szolnoktv.hu\/index.php?rest_route=\/wp\/v2\/users\/2"}],"replies":[{"embeddable":true,"href":"http:\/\/archiv.szolnoktv.hu\/index.php?rest_route=%2Fwp%2Fv2%2Fcomments&post=30518"}],"version-history":[{"count":1,"href":"http:\/\/archiv.szolnoktv.hu\/index.php?rest_route=\/wp\/v2\/posts\/30518\/revisions"}],"predecessor-version":[{"id":30529,"href":"http:\/\/archiv.szolnoktv.hu\/index.php?rest_route=\/wp\/v2\/posts\/30518\/revisions\/30529"}],"wp:attachment":[{"href":"http:\/\/archiv.szolnoktv.hu\/index.php?rest_route=%2Fwp%2Fv2%2Fmedia&parent=30518"}],"wp:term":[{"taxonomy":"category","embeddable":true,"href":"http:\/\/archiv.szolnoktv.hu\/index.php?rest_route=%2Fwp%2Fv2%2Fcategories&post=30518"},{"taxonomy":"post_tag","embeddable":true,"href":"http:\/\/archiv.szolnoktv.hu\/index.php?rest_route=%2Fwp%2Fv2%2Ftags&post=30518"}],"curies":[{"name":"wp","href":"https:\/\/api.w.org\/{rel}","templated":true}]}}