{"id":30517,"date":"2008-02-29T23:42:26","date_gmt":"2008-02-29T23:42:26","guid":{"rendered":"http:\/\/archiv.szolnoktv.hu\/?p=30517"},"modified":"2021-11-17T11:36:25","modified_gmt":"2021-11-17T11:36:25","slug":"nem-aprozunk-tovabb","status":"publish","type":"post","link":"http:\/\/archiv.szolnoktv.hu\/?p=30517","title":{"rendered":"Nem apr\u00f3zunk tov\u00e1bb"},"content":{"rendered":"<div class='booster-block booster-read-block'><\/div><p>A boltokban p\u00e9ntek \u00e9jf\u00e9lig lehetett fizetni az egy \u00e9s k\u00e9t forintosokkal. Szombatt\u00f3l teh\u00e1t v\u00e1s\u00e1rl\u00e1s sor\u00e1n m\u00e1r kerek\u00edtik a v\u00e9g\u00f6sszeget. A bankok \u00e9s a post\u00e1k m\u00e9g egy ideig elfogadj\u00e1k az apr\u00f3t. Hogy meddig, az p\u00e9nzint\u00e9zetekt&#245;l f\u00fcgg.<br \/>\nFizet\u00e9skor a kassz\u00e1n\u00e1l p\u00e9nteken m\u00e9g visszakaptuk az 1 \u00e9s 2 forintosokat. B\u00e1r ezekkel az \u00e9rm\u00e9kkel \u00e9jf\u00e9l ut\u00e1n m\u00e1r sehol sem lehetett fizetni. M\u00e1rcius elsej\u00e9t&#245;l hivatalosan bevonj\u00e1k a k\u00e9t legkisebb \u00e9rt\u00e9k&#251; p\u00e9nz\u00e9rm\u00e9t. \u00cdgy v\u00e1s\u00e1rl\u00e1skor a sz\u00e1mla v\u00e9g\u00f6sszeg\u00e9t kerek\u00edtik 0-ra vagy 5-re. Az elad\u00f3 szerint nem lesz k\u00f6nny&#251; dolguk a p\u00e9nzt\u00e1rosoknak. A mostani p\u00e9nzt\u00e1rg\u00e9pek ugyanis m\u00e9g nem tudnak kerek\u00edteni, ez\u00e9rt nekik kell majd fejben sz\u00e1molniuk. A bankk\u00e1rty\u00e1s fizet\u00e9seket \u00e9s az \u00e1tutal\u00e1sokat nem \u00e9rinti a v\u00e1ltoz\u00e1s. Annak, aki k\u00e1rty\u00e1val fizet, ezut\u00e1n sem kell majd kerek\u00edtenie. Egy- \u00e9s k\u00e9tforintos- gy&#251;jt&#245;ket Szolnokon is t\u00f6bb helyen tal\u00e1lni. Civil szervezetek, alap\u00edtv\u00e1nyok v\u00e1rj\u00e1k az apr\u00f3p\u00e9nzt. A jegybank adatai szerint t\u00f6bb mint egymilli\u00e1rd egyforintos \u00e9s k\u00f6zel 850 milli\u00f3 k\u00e9tforintos van forgalomban. Ezeket a bankok, postafi\u00f3kok m\u00e9g egy darabig bev\u00e1ltj\u00e1k, de hogy pontosan meddig, az int\u00e9zm\u00e9nyenk\u00e9nt v\u00e1ltozik. A post\u00e1n p\u00e9ld\u00e1ul augusztus v\u00e9g\u00e9ig fogadj\u00e1k el. De m\u00e9g \u00edgy sem v\u00e1rhat\u00f3, hogy a kinn l\u00e9v&#245; p\u00e9nz nagy r\u00e9sze visszav\u00e1ndoroljon a jegybankba. A szak\u00e9rt&#245;k szerint a forgalomban lev&#245; apr\u00f3nak k\u00f6r\u00fclbel\u00fcl csak a 10%-\u00e1t  fogj\u00e1k visszav\u00e1ltani.<\/p>\n","protected":false},"excerpt":{"rendered":"<p>A boltokban p\u00e9ntek \u00e9jf\u00e9lig lehetett fizetni az egy \u00e9s k\u00e9t forintosokkal. Szombatt\u00f3l teh\u00e1t v\u00e1s\u00e1rl\u00e1s sor\u00e1n m\u00e1r kerek\u00edtik a v\u00e9g\u00f6sszeget. A bankok \u00e9s a post\u00e1k m\u00e9g egy ideig elfogadj\u00e1k az apr\u00f3t. Hogy meddig, az p\u00e9nzint\u00e9zetekt&#245;l f\u00fcgg. Fizet\u00e9skor a kassz\u00e1n\u00e1l p\u00e9nteken m\u00e9g visszakaptuk az 1 \u00e9s 2 forintosokat. B\u00e1r ezekkel az \u00e9rm\u00e9kkel \u00e9jf\u00e9l ut\u00e1n m\u00e1r sehol sem [&hellip;]<\/p>\n","protected":false},"author":2,"featured_media":0,"comment_status":"open","ping_status":"open","sticky":false,"template":"","format":"standard","meta":[],"categories":[24],"tags":[],"_links":{"self":[{"href":"http:\/\/archiv.szolnoktv.hu\/index.php?rest_route=\/wp\/v2\/posts\/30517"}],"collection":[{"href":"http:\/\/archiv.szolnoktv.hu\/index.php?rest_route=\/wp\/v2\/posts"}],"about":[{"href":"http:\/\/archiv.szolnoktv.hu\/index.php?rest_route=\/wp\/v2\/types\/post"}],"author":[{"embeddable":true,"href":"http:\/\/archiv.szolnoktv.hu\/index.php?rest_route=\/wp\/v2\/users\/2"}],"replies":[{"embeddable":true,"href":"http:\/\/archiv.szolnoktv.hu\/index.php?rest_route=%2Fwp%2Fv2%2Fcomments&post=30517"}],"version-history":[{"count":1,"href":"http:\/\/archiv.szolnoktv.hu\/index.php?rest_route=\/wp\/v2\/posts\/30517\/revisions"}],"predecessor-version":[{"id":30530,"href":"http:\/\/archiv.szolnoktv.hu\/index.php?rest_route=\/wp\/v2\/posts\/30517\/revisions\/30530"}],"wp:attachment":[{"href":"http:\/\/archiv.szolnoktv.hu\/index.php?rest_route=%2Fwp%2Fv2%2Fmedia&parent=30517"}],"wp:term":[{"taxonomy":"category","embeddable":true,"href":"http:\/\/archiv.szolnoktv.hu\/index.php?rest_route=%2Fwp%2Fv2%2Fcategories&post=30517"},{"taxonomy":"post_tag","embeddable":true,"href":"http:\/\/archiv.szolnoktv.hu\/index.php?rest_route=%2Fwp%2Fv2%2Ftags&post=30517"}],"curies":[{"name":"wp","href":"https:\/\/api.w.org\/{rel}","templated":true}]}}