{"id":30514,"date":"2008-02-28T23:34:58","date_gmt":"2008-02-28T23:34:58","guid":{"rendered":"http:\/\/archiv.szolnoktv.hu\/?p=30514"},"modified":"2021-11-17T11:36:25","modified_gmt":"2021-11-17T11:36:25","slug":"ki-mit-tud","status":"publish","type":"post","link":"http:\/\/archiv.szolnoktv.hu\/?p=30514","title":{"rendered":"Ki- mit- tud?"},"content":{"rendered":"<div class='booster-block booster-read-block'><\/div><p>Sok sz\u00e9p produkci\u00f3, magabiztos gyerekek, j\u00f3 hangulat. Ez jellemezte a 3. Szolnoki Gyermek \u00e9s Ifj\u00fas\u00e1gi Ki Mit Tud-ot. A versenyz\u0151k \u00f6t kateg\u00f3ri\u00e1ban m\u00e9rt\u00e9k \u00f6ssze tud\u00e1sukat.<br \/>\nA versenyz\u0151k k\u00e9t korcsoportban indulhattak, az els\u0151ben a 8-11 \u00e9vesek, m\u00e1sikban a 12-16 \u00e9vesek. A di\u00e1kok k\u00fcl\u00f6nb\u00f6z\u0151 kateg\u00f3ri\u00e1kban m\u00e9rt\u00e9k \u00f6ssze tehets\u00e9g\u00fcket, p\u00e9ld\u00e1ul vers \u00e9s pr\u00f3za, \u00e9nek, t\u00e1nc, mesemond\u00e1s.  A mai d\u00f6nt\u0151n megjelent t\u00f6bb mint 30 versenyz\u0151 k\u00f6z\u00fcl szak\u00e9rt\u0151 zs\u0171ri v\u00e1lasztotta ki a legjobbakat. A kiv\u00e1lasztott produkci\u00f3k el\u0151ad\u00f3i jutalmat kapnak, \u00e9s a v\u00e1rosi gyermenapon is fell\u00e9phetnek majd.<\/p>\n","protected":false},"excerpt":{"rendered":"<p>Sok sz\u00e9p produkci\u00f3, magabiztos gyerekek, j\u00f3 hangulat. Ez jellemezte a 3. Szolnoki Gyermek \u00e9s Ifj\u00fas\u00e1gi Ki Mit Tud-ot. A versenyz\u0151k \u00f6t kateg\u00f3ri\u00e1ban m\u00e9rt\u00e9k \u00f6ssze tud\u00e1sukat. A versenyz\u0151k k\u00e9t korcsoportban indulhattak, az els\u0151ben a 8-11 \u00e9vesek, m\u00e1sikban a 12-16 \u00e9vesek. A di\u00e1kok k\u00fcl\u00f6nb\u00f6z\u0151 kateg\u00f3ri\u00e1kban m\u00e9rt\u00e9k \u00f6ssze tehets\u00e9g\u00fcket, p\u00e9ld\u00e1ul vers \u00e9s pr\u00f3za, \u00e9nek, t\u00e1nc, mesemond\u00e1s. A mai [&hellip;]<\/p>\n","protected":false},"author":2,"featured_media":0,"comment_status":"open","ping_status":"open","sticky":false,"template":"","format":"standard","meta":[],"categories":[24],"tags":[],"_links":{"self":[{"href":"http:\/\/archiv.szolnoktv.hu\/index.php?rest_route=\/wp\/v2\/posts\/30514"}],"collection":[{"href":"http:\/\/archiv.szolnoktv.hu\/index.php?rest_route=\/wp\/v2\/posts"}],"about":[{"href":"http:\/\/archiv.szolnoktv.hu\/index.php?rest_route=\/wp\/v2\/types\/post"}],"author":[{"embeddable":true,"href":"http:\/\/archiv.szolnoktv.hu\/index.php?rest_route=\/wp\/v2\/users\/2"}],"replies":[{"embeddable":true,"href":"http:\/\/archiv.szolnoktv.hu\/index.php?rest_route=%2Fwp%2Fv2%2Fcomments&post=30514"}],"version-history":[{"count":1,"href":"http:\/\/archiv.szolnoktv.hu\/index.php?rest_route=\/wp\/v2\/posts\/30514\/revisions"}],"predecessor-version":[{"id":30533,"href":"http:\/\/archiv.szolnoktv.hu\/index.php?rest_route=\/wp\/v2\/posts\/30514\/revisions\/30533"}],"wp:attachment":[{"href":"http:\/\/archiv.szolnoktv.hu\/index.php?rest_route=%2Fwp%2Fv2%2Fmedia&parent=30514"}],"wp:term":[{"taxonomy":"category","embeddable":true,"href":"http:\/\/archiv.szolnoktv.hu\/index.php?rest_route=%2Fwp%2Fv2%2Fcategories&post=30514"},{"taxonomy":"post_tag","embeddable":true,"href":"http:\/\/archiv.szolnoktv.hu\/index.php?rest_route=%2Fwp%2Fv2%2Ftags&post=30514"}],"curies":[{"name":"wp","href":"https:\/\/api.w.org\/{rel}","templated":true}]}}