{"id":30513,"date":"2008-02-28T23:34:15","date_gmt":"2008-02-28T23:34:15","guid":{"rendered":"http:\/\/archiv.szolnoktv.hu\/?p=30513"},"modified":"2021-11-17T11:36:25","modified_gmt":"2021-11-17T11:36:25","slug":"jo-viz","status":"publish","type":"post","link":"http:\/\/archiv.szolnoktv.hu\/?p=30513","title":{"rendered":"J\u00f3 v\u00edz"},"content":{"rendered":"<div class='booster-block booster-read-block'><\/div><p>Az \u00e9rintett telep\u00fcl\u00e9sek bevon\u00e1s\u00e1val \u00f6nkorm\u00e1nyzati t\u00e1rsul\u00e1s megalakul\u00e1s\u00e1ra tett javaslatot a Megyei K\u00f6zgy\u0171l\u00e9s legut\u00f3bbi \u00fcl\u00e9s\u00e9n annak \u00e9rdek\u00e9ben, hogy megval\u00f3sulhasson az \u00c9szak-alf\u00f6ldi R\u00e9gi\u00f3ban az iv\u00f3v\u00edzmin\u0151s\u00e9g-jav\u00edt\u00f3 program m\u00e1sodik \u00fcteme. A mintegy 60 milli\u00e1rd forintos beruh\u00e1z\u00e1st az Eur\u00f3pai Uni\u00f3 finansz\u00edrozza.<br \/>\nLassan a befejez\u00e9s\u00e9hez k\u00f6zeledik a region\u00e1lis iv\u00f3v\u00edz-min\u0151s\u00e9g-jav\u00edt\u00f3 program els\u0151 \u00fcteme. A beruh\u00e1z\u00e1sra az\u00e9rt van sz\u00fcks\u00e9g, mert a telep\u00fcl\u00e9sek nagy r\u00e9sz\u00e9ben a szolg\u00e1ltatott iv\u00f3v\u00edz min\u0151s\u00e9ge nem felel meg az Eur\u00f3pai Uni\u00f3 k\u00f6vetelm\u00e9nyeinek, els\u0151sorban a magas arz\u00e9ntartalom miatt.  Az uni\u00f3s t\u00e1mogat\u00e1ssal megval\u00f3sul\u00f3 program els\u0151 \u00fcteme a megy\u00e9ben 13 telep\u00fcl\u00e9st, illetve telep\u00fcl\u00e9sr\u00e9szt \u00e9rint, a beruh\u00e1z\u00e1s \u00e9rt\u00e9ke mintegy 7 milli\u00e1rd forint. Jelenleg az \u00c9szak-alf\u00f6ldi Region\u00e1lis Fejleszt\u00e9si \u00dcgyn\u00f6ks\u00e9g Kht. ir\u00e1ny\u00edt\u00e1s\u00e1val a m\u00e1sodik \u00fctem el\u0151k\u00e9sz\u00edt\u00e9se folyik. Ez a szakasz megy\u00e9nkben 66 telep\u00fcl\u00e9sen, telep\u00fcl\u00e9sr\u00e9szben val\u00f3sul meg, a v\u00e1rhat\u00f3 k\u00f6lts\u00e9ge pedig 24,4 milli\u00e1rd forint lesz. A beruh\u00e1z\u00e1s sikere \u00e9rdek\u00e9ben a megyei k\u00f6zgy\u0171l\u00e9s legut\u00f3bbi \u00fcl\u00e9s\u00e9n az \u00e9rintettek bevon\u00e1s\u00e1val \u00f6nkorm\u00e1nyzati t\u00e1rsul\u00e1s l\u00e9trehoz\u00e1s\u00e1t javasolta. Az elk\u00e9sz\u00fclt megval\u00f3s\u00edthat\u00f3s\u00e1gi tanulm\u00e1nyok szerint a megy\u00e9ben 12,7 milli\u00e1rd forint sz\u00fcks\u00e9ges a technol\u00f3giai beavatkoz\u00e1sokra \u00e9s 11,7 milli\u00e1rd forint a megl\u00e9v\u0151 iv\u00f3v\u00edzh\u00e1l\u00f3zat rekonstrukci\u00f3j\u00e1ra. A p\u00e1ly\u00e1zati ki\u00edr\u00e1sban viszont az szerepel, hogy ez ut\u00f3bbi t\u00e9tel nem haladhatja meg az \u00f6sszk\u00f6lts\u00e9g 20%-\u00e1t, n\u00e1lunk pedig enn\u00e9l t\u00f6bb. Ez\u00e9rt a megyei \u00f6nkorm\u00e1nyzat kezdem\u00e9nyezi, hogy a nagyprojektk\u00e9nt megval\u00f3sul\u00f3 iv\u00f3v\u00edzmin\u0151s\u00e9g-fejleszt\u00e9s eset\u00e9ben J\u00e1sz-Nagykun-Szolnok megy\u00e9ben 20%-n\u00e1l t\u00f6bb lehessen a h\u00e1l\u00f3zatrekonstrukci\u00f3 ar\u00e1nya.<\/p>\n","protected":false},"excerpt":{"rendered":"<p>Az \u00e9rintett telep\u00fcl\u00e9sek bevon\u00e1s\u00e1val \u00f6nkorm\u00e1nyzati t\u00e1rsul\u00e1s megalakul\u00e1s\u00e1ra tett javaslatot a Megyei K\u00f6zgy\u0171l\u00e9s legut\u00f3bbi \u00fcl\u00e9s\u00e9n annak \u00e9rdek\u00e9ben, hogy megval\u00f3sulhasson az \u00c9szak-alf\u00f6ldi R\u00e9gi\u00f3ban az iv\u00f3v\u00edzmin\u0151s\u00e9g-jav\u00edt\u00f3 program m\u00e1sodik \u00fcteme. A mintegy 60 milli\u00e1rd forintos beruh\u00e1z\u00e1st az Eur\u00f3pai Uni\u00f3 finansz\u00edrozza. Lassan a befejez\u00e9s\u00e9hez k\u00f6zeledik a region\u00e1lis iv\u00f3v\u00edz-min\u0151s\u00e9g-jav\u00edt\u00f3 program els\u0151 \u00fcteme. A beruh\u00e1z\u00e1sra az\u00e9rt van sz\u00fcks\u00e9g, mert a telep\u00fcl\u00e9sek nagy [&hellip;]<\/p>\n","protected":false},"author":2,"featured_media":0,"comment_status":"open","ping_status":"open","sticky":false,"template":"","format":"standard","meta":[],"categories":[24],"tags":[],"_links":{"self":[{"href":"http:\/\/archiv.szolnoktv.hu\/index.php?rest_route=\/wp\/v2\/posts\/30513"}],"collection":[{"href":"http:\/\/archiv.szolnoktv.hu\/index.php?rest_route=\/wp\/v2\/posts"}],"about":[{"href":"http:\/\/archiv.szolnoktv.hu\/index.php?rest_route=\/wp\/v2\/types\/post"}],"author":[{"embeddable":true,"href":"http:\/\/archiv.szolnoktv.hu\/index.php?rest_route=\/wp\/v2\/users\/2"}],"replies":[{"embeddable":true,"href":"http:\/\/archiv.szolnoktv.hu\/index.php?rest_route=%2Fwp%2Fv2%2Fcomments&post=30513"}],"version-history":[{"count":1,"href":"http:\/\/archiv.szolnoktv.hu\/index.php?rest_route=\/wp\/v2\/posts\/30513\/revisions"}],"predecessor-version":[{"id":30534,"href":"http:\/\/archiv.szolnoktv.hu\/index.php?rest_route=\/wp\/v2\/posts\/30513\/revisions\/30534"}],"wp:attachment":[{"href":"http:\/\/archiv.szolnoktv.hu\/index.php?rest_route=%2Fwp%2Fv2%2Fmedia&parent=30513"}],"wp:term":[{"taxonomy":"category","embeddable":true,"href":"http:\/\/archiv.szolnoktv.hu\/index.php?rest_route=%2Fwp%2Fv2%2Fcategories&post=30513"},{"taxonomy":"post_tag","embeddable":true,"href":"http:\/\/archiv.szolnoktv.hu\/index.php?rest_route=%2Fwp%2Fv2%2Ftags&post=30513"}],"curies":[{"name":"wp","href":"https:\/\/api.w.org\/{rel}","templated":true}]}}