{"id":30512,"date":"2008-02-28T23:32:57","date_gmt":"2008-02-28T23:32:57","guid":{"rendered":"http:\/\/archiv.szolnoktv.hu\/?p=30512"},"modified":"2021-11-17T11:36:25","modified_gmt":"2021-11-17T11:36:25","slug":"ellentmondo-statisztikak","status":"publish","type":"post","link":"http:\/\/archiv.szolnoktv.hu\/?p=30512","title":{"rendered":"Ellentmond\u00f3 statisztik\u00e1k"},"content":{"rendered":"<div class='booster-block booster-read-block'><\/div><p>A megyei balestemegel\u0151z\u00e9si bizotts\u00e1g \u00e9v\u00e9rt\u00e9kel\u0151j\u00e9n elhangzottak szerint, b\u00e1r orsz\u00e1gosan kevesebb baleset t\u00f6rt\u00e9nt az utakon, mint kor\u00e1bban, J\u00e1sz-Nagykun-Szolnok megy\u00e9ben ez nem mondhat\u00f3 el. S\u0151t. Az elm\u00falt nyolc \u00e9vben ez a sz\u00e1m fokozatosan emelkedik.<br \/>\n&#8220;Van m\u00e9g mit tenn\u00fcnk a k\u00f6zleked\u00e9sbiztons\u00e1g ter\u00fclet\u00e9n.&#8221;&#8221; Ezt mondta Moln\u00e1r Mikl\u00f3s<br \/>\na Megyei Rend\u0151r-f\u0151kapit\u00e1nys\u00e1g rend\u00e9szeti igazgat\u00f3ja. Nem csoda<br \/>\nhiszen m\u00edg orsz\u00e1gosan egyre kedvez\u0151bbek a staisztik\u00e1k-nagys\u00e1grendileg 100-zal cs\u00f6kkent a hal\u00e1los balesetek sz\u00e1ma- addig n\u00e1lunk<\/p>\n","protected":false},"excerpt":{"rendered":"<p>A megyei balestemegel\u0151z\u00e9si bizotts\u00e1g \u00e9v\u00e9rt\u00e9kel\u0151j\u00e9n elhangzottak szerint, b\u00e1r orsz\u00e1gosan kevesebb baleset t\u00f6rt\u00e9nt az utakon, mint kor\u00e1bban, J\u00e1sz-Nagykun-Szolnok megy\u00e9ben ez nem mondhat\u00f3 el. S\u0151t. Az elm\u00falt nyolc \u00e9vben ez a sz\u00e1m fokozatosan emelkedik. &#8220;Van m\u00e9g mit tenn\u00fcnk a k\u00f6zleked\u00e9sbiztons\u00e1g ter\u00fclet\u00e9n.&#8221;&#8221; Ezt mondta Moln\u00e1r Mikl\u00f3s a Megyei Rend\u0151r-f\u0151kapit\u00e1nys\u00e1g rend\u00e9szeti igazgat\u00f3ja. Nem csoda hiszen m\u00edg orsz\u00e1gosan egyre kedvez\u0151bbek [&hellip;]<\/p>\n","protected":false},"author":2,"featured_media":0,"comment_status":"open","ping_status":"open","sticky":false,"template":"","format":"standard","meta":[],"categories":[24],"tags":[],"_links":{"self":[{"href":"http:\/\/archiv.szolnoktv.hu\/index.php?rest_route=\/wp\/v2\/posts\/30512"}],"collection":[{"href":"http:\/\/archiv.szolnoktv.hu\/index.php?rest_route=\/wp\/v2\/posts"}],"about":[{"href":"http:\/\/archiv.szolnoktv.hu\/index.php?rest_route=\/wp\/v2\/types\/post"}],"author":[{"embeddable":true,"href":"http:\/\/archiv.szolnoktv.hu\/index.php?rest_route=\/wp\/v2\/users\/2"}],"replies":[{"embeddable":true,"href":"http:\/\/archiv.szolnoktv.hu\/index.php?rest_route=%2Fwp%2Fv2%2Fcomments&post=30512"}],"version-history":[{"count":1,"href":"http:\/\/archiv.szolnoktv.hu\/index.php?rest_route=\/wp\/v2\/posts\/30512\/revisions"}],"predecessor-version":[{"id":30535,"href":"http:\/\/archiv.szolnoktv.hu\/index.php?rest_route=\/wp\/v2\/posts\/30512\/revisions\/30535"}],"wp:attachment":[{"href":"http:\/\/archiv.szolnoktv.hu\/index.php?rest_route=%2Fwp%2Fv2%2Fmedia&parent=30512"}],"wp:term":[{"taxonomy":"category","embeddable":true,"href":"http:\/\/archiv.szolnoktv.hu\/index.php?rest_route=%2Fwp%2Fv2%2Fcategories&post=30512"},{"taxonomy":"post_tag","embeddable":true,"href":"http:\/\/archiv.szolnoktv.hu\/index.php?rest_route=%2Fwp%2Fv2%2Ftags&post=30512"}],"curies":[{"name":"wp","href":"https:\/\/api.w.org\/{rel}","templated":true}]}}