{"id":30511,"date":"2008-02-28T23:31:49","date_gmt":"2008-02-28T23:31:49","guid":{"rendered":"http:\/\/archiv.szolnoktv.hu\/?p=30511"},"modified":"2021-11-17T11:36:25","modified_gmt":"2021-11-17T11:36:25","slug":"szavazatszamlalok-eskuje","status":"publish","type":"post","link":"http:\/\/archiv.szolnoktv.hu\/?p=30511","title":{"rendered":"Szavazatsz\u00e1ml\u00e1l\u00f3k esk\u00fcje"},"content":{"rendered":"<div class='booster-block booster-read-block'><\/div><p>A n\u00e9pszavaz\u00e1sra k\u00e9sz\u00fclnek. Letett\u00e9k esk\u00fcj\u00fcket \u00e9s megismert\u00e9k feladatukat a m\u00e1rcius kilencedikei n\u00e9pszavaz\u00e1son k\u00f6zrem\u0171k\u00f6d\u0151 szavazatsz\u00e1ml\u00e1l\u00f3 bizotts\u00e1gok \u00faj tagjai. M\u00e1rcius m\u00e1sodik vas\u00e1rnapj\u00e1n azonban nemcsak nekik, de a v\u00e1laszt\u00f3knak is figyelni\u00fck kell, hogy leadott voksuk \u00e9rv\u00e9nyes legyen.<br \/>\nA m\u00e1rcius kilencedikei n\u00e9pszavaz\u00e1s t\u00edz nap m\u00falva lesz, de az el\u0151k\u00e9sz\u00fcletek m\u00e1r r\u00e9g\u00f3ta tartanak. Mivel az id\u0151pont  k\u00f6zeledik, fel kellett \u00e1ll\u00edtani a szavazatsz\u00e1ml\u00e1l\u00f3 bizotts\u00e1gokat is. Az \u00faj tagok \u00e9s p\u00f3ttagok ma tett\u00e9k le esk\u00fcj\u00fcket.  Az esk\u00fct\u00e9tel ut\u00e1n r\u00f6viden t\u00e1j\u00e9koztatt\u00e1k a megjelent tagokat a majdani feladataikr\u00f3l. Szolnokon \u00f6sszesen 70 szavaz\u00f3k\u00f6r van. Mindenki a saj\u00e1t lakc\u00edm\u00e9nek megfelel\u0151 helyen szavazhat, ahol igazolnia kell mag\u00e1t. A szem\u00e9lyi adatok egyeztet\u00e9se k\u00f6telez\u0151, ehhez a legjobb a szem\u00e9lyi igazov\u00e1ny. Az \u00faj t\u00edpus\u00fa szem\u00e9lyi okm\u00e1ny mell\u00e9 a lakc\u00edmk\u00e1rtya is k\u00f6telez\u0151. A szavaz\u00e1sn\u00e1l figyelni kell, hogy a voks \u00e9rv\u00e9nyes legyen, a rontott szavaz\u00f3lapot egy esetben cser\u00e9lheti ki a bizotts\u00e1g. Szavazni reggel 6 \u00f3r\u00e1t\u00f3l este 7-ig lehet. A bizotts\u00e1g tagajainak azonban a kapuk bez\u00e1r\u00e1sa ut\u00e1n kezd\u0151dik meg az igazi munk\u00e1juk. Az \u00f6sszegy\u0171lt voksokat k\u00e9rd\u00e9senk\u00e9nt sz\u00e9t kell v\u00e1logatni \u00e9s meg kell sz\u00e1molni, t\u00f6bbsz\u00f6r is. A v\u00e1laszt\u00e1s el\u0151zetes eredm\u00e9ny\u00e9t m\u00e1snap, azaz 10-\u00e9n teszik k\u00f6zz\u00e9.<\/p>\n","protected":false},"excerpt":{"rendered":"<p>A n\u00e9pszavaz\u00e1sra k\u00e9sz\u00fclnek. Letett\u00e9k esk\u00fcj\u00fcket \u00e9s megismert\u00e9k feladatukat a m\u00e1rcius kilencedikei n\u00e9pszavaz\u00e1son k\u00f6zrem\u0171k\u00f6d\u0151 szavazatsz\u00e1ml\u00e1l\u00f3 bizotts\u00e1gok \u00faj tagjai. M\u00e1rcius m\u00e1sodik vas\u00e1rnapj\u00e1n azonban nemcsak nekik, de a v\u00e1laszt\u00f3knak is figyelni\u00fck kell, hogy leadott voksuk \u00e9rv\u00e9nyes legyen. A m\u00e1rcius kilencedikei n\u00e9pszavaz\u00e1s t\u00edz nap m\u00falva lesz, de az el\u0151k\u00e9sz\u00fcletek m\u00e1r r\u00e9g\u00f3ta tartanak. Mivel az id\u0151pont k\u00f6zeledik, fel kellett \u00e1ll\u00edtani [&hellip;]<\/p>\n","protected":false},"author":2,"featured_media":0,"comment_status":"open","ping_status":"open","sticky":false,"template":"","format":"standard","meta":[],"categories":[24],"tags":[],"_links":{"self":[{"href":"http:\/\/archiv.szolnoktv.hu\/index.php?rest_route=\/wp\/v2\/posts\/30511"}],"collection":[{"href":"http:\/\/archiv.szolnoktv.hu\/index.php?rest_route=\/wp\/v2\/posts"}],"about":[{"href":"http:\/\/archiv.szolnoktv.hu\/index.php?rest_route=\/wp\/v2\/types\/post"}],"author":[{"embeddable":true,"href":"http:\/\/archiv.szolnoktv.hu\/index.php?rest_route=\/wp\/v2\/users\/2"}],"replies":[{"embeddable":true,"href":"http:\/\/archiv.szolnoktv.hu\/index.php?rest_route=%2Fwp%2Fv2%2Fcomments&post=30511"}],"version-history":[{"count":1,"href":"http:\/\/archiv.szolnoktv.hu\/index.php?rest_route=\/wp\/v2\/posts\/30511\/revisions"}],"predecessor-version":[{"id":30536,"href":"http:\/\/archiv.szolnoktv.hu\/index.php?rest_route=\/wp\/v2\/posts\/30511\/revisions\/30536"}],"wp:attachment":[{"href":"http:\/\/archiv.szolnoktv.hu\/index.php?rest_route=%2Fwp%2Fv2%2Fmedia&parent=30511"}],"wp:term":[{"taxonomy":"category","embeddable":true,"href":"http:\/\/archiv.szolnoktv.hu\/index.php?rest_route=%2Fwp%2Fv2%2Fcategories&post=30511"},{"taxonomy":"post_tag","embeddable":true,"href":"http:\/\/archiv.szolnoktv.hu\/index.php?rest_route=%2Fwp%2Fv2%2Ftags&post=30511"}],"curies":[{"name":"wp","href":"https:\/\/api.w.org\/{rel}","templated":true}]}}