{"id":30510,"date":"2008-02-28T23:30:36","date_gmt":"2008-02-28T23:30:36","guid":{"rendered":"http:\/\/archiv.szolnoktv.hu\/?p=30510"},"modified":"2021-11-17T11:36:25","modified_gmt":"2021-11-17T11:36:25","slug":"egyenlo-hozzaferes","status":"publish","type":"post","link":"http:\/\/archiv.szolnoktv.hu\/?p=30510","title":{"rendered":"Egyenl\u0151 hozz\u00e1f\u00e9r\u00e9s"},"content":{"rendered":"<div class='booster-block booster-read-block'><\/div><p>Kompetencia alap\u00fa oktat\u00e1s \u00e9s az egyenl\u0151 hozz\u00e1f\u00e9r\u00e9s biztos\u00edt\u00e1sa. Ezek az \u00daj Magyarorsz\u00e1g Fejleszt\u00e9si Terv fontos pedag\u00f3giai ir\u00e1nyvonalai. A mai Region\u00e1lis Mentori Szakmai Konferenci\u00e1n bevezet\u00e9s\u00fckr\u0151l \u00e9s a mentorok szerep\u00e9r\u0151l tartottak el\u0151ad\u00e1sokat.<br \/>\nMentor, kompetencia fejleszt\u00e9s, egyenl\u0151 hozz\u00e1f\u00e9r\u00e9s biztos\u00edt\u00e1sa &#8211; e t\u00e9m\u00e1k k\u00f6r\u00e9 csoportosultak a Region\u00e1lis Mentori Szakmai Konferencia el\u0151ad\u00e1sai Szolnokon, a Megyeh\u00e1za d\u00edszterm\u00e9ben. Az \u00daj Magyarorsz\u00e1g Fejleszt\u00e9si Tervben k\u00e9t fontos mentori ir\u00e1nyvonal lesz: az egyik a kompetenciafejleszt\u00e9s, a m\u00e1sik az egyenl\u0151 hozz\u00e1f\u00e9r\u00e9s biztos\u00edt\u00e1sa. A mentorok pedig olyan pedag\u00f3gusok, akik ezekben a fejleszt\u00e9sekben seg\u00edtenek a pedag\u00f3gusoknak. Az egyenl\u0151 hozz\u00e1f\u00e9r\u00e9s biztos\u00edt\u00e1sa pedig megsz\u00fcntetn\u00e9 a jelenleg fenn\u00e1ll\u00f3 k\u00fcl\u00f6nbs\u00e9geket. Hiszen sz\u00e1mos iskol\u00e1ban, amely nem jut hozz\u00e1 a sz\u00fcks\u00e9ges felszerel\u00e9shez, tud\u00e1shoz, \u00edgy az ott tanul\u00f3 gyerekek h\u00e1tr\u00e1nyban ker\u00fclnek, addig sok m\u00e1s int\u00e9zm\u00e9nyben elitk\u00e9pz\u00e9s folyik. A szak\u00e9rt\u0151 szerint ez korszer\u0171tlen \u00e9s alkotm\u00e1nyos szempontb\u00f3l is megk\u00e9rd\u0151jelezhet\u0151 oktat\u00e1si rendszer, amit a k\u00fcl\u00f6nb\u00f6z\u0151 helyzet\u0171 gyerekek egy\u00fcttes oktat\u00e1s\u00e1val lehet megoldani. A kompetenciafejleszt\u00e9s \u00e9s egyenl\u0151 hozz\u00e1f\u00e9r\u00e9s biztos\u00edt\u00e1s\u00e1nak bevezet\u00e9s\u00e9ben az \u00c9szak-alf\u00f6ldi R\u00e9gi\u00f3ban 36 mentor seg\u00edti a pedag\u00f3gusok munk\u00e1j\u00e1t, a kompetencia alap\u00fa oktat\u00e1st pedig 60 int\u00e9zm\u00e9nyben vezett\u00e9k be.<\/p>\n","protected":false},"excerpt":{"rendered":"<p>Kompetencia alap\u00fa oktat\u00e1s \u00e9s az egyenl\u0151 hozz\u00e1f\u00e9r\u00e9s biztos\u00edt\u00e1sa. Ezek az \u00daj Magyarorsz\u00e1g Fejleszt\u00e9si Terv fontos pedag\u00f3giai ir\u00e1nyvonalai. A mai Region\u00e1lis Mentori Szakmai Konferenci\u00e1n bevezet\u00e9s\u00fckr\u0151l \u00e9s a mentorok szerep\u00e9r\u0151l tartottak el\u0151ad\u00e1sokat. Mentor, kompetencia fejleszt\u00e9s, egyenl\u0151 hozz\u00e1f\u00e9r\u00e9s biztos\u00edt\u00e1sa &#8211; e t\u00e9m\u00e1k k\u00f6r\u00e9 csoportosultak a Region\u00e1lis Mentori Szakmai Konferencia el\u0151ad\u00e1sai Szolnokon, a Megyeh\u00e1za d\u00edszterm\u00e9ben. Az \u00daj Magyarorsz\u00e1g Fejleszt\u00e9si [&hellip;]<\/p>\n","protected":false},"author":2,"featured_media":0,"comment_status":"open","ping_status":"open","sticky":false,"template":"","format":"standard","meta":[],"categories":[24],"tags":[],"_links":{"self":[{"href":"http:\/\/archiv.szolnoktv.hu\/index.php?rest_route=\/wp\/v2\/posts\/30510"}],"collection":[{"href":"http:\/\/archiv.szolnoktv.hu\/index.php?rest_route=\/wp\/v2\/posts"}],"about":[{"href":"http:\/\/archiv.szolnoktv.hu\/index.php?rest_route=\/wp\/v2\/types\/post"}],"author":[{"embeddable":true,"href":"http:\/\/archiv.szolnoktv.hu\/index.php?rest_route=\/wp\/v2\/users\/2"}],"replies":[{"embeddable":true,"href":"http:\/\/archiv.szolnoktv.hu\/index.php?rest_route=%2Fwp%2Fv2%2Fcomments&post=30510"}],"version-history":[{"count":1,"href":"http:\/\/archiv.szolnoktv.hu\/index.php?rest_route=\/wp\/v2\/posts\/30510\/revisions"}],"predecessor-version":[{"id":30537,"href":"http:\/\/archiv.szolnoktv.hu\/index.php?rest_route=\/wp\/v2\/posts\/30510\/revisions\/30537"}],"wp:attachment":[{"href":"http:\/\/archiv.szolnoktv.hu\/index.php?rest_route=%2Fwp%2Fv2%2Fmedia&parent=30510"}],"wp:term":[{"taxonomy":"category","embeddable":true,"href":"http:\/\/archiv.szolnoktv.hu\/index.php?rest_route=%2Fwp%2Fv2%2Fcategories&post=30510"},{"taxonomy":"post_tag","embeddable":true,"href":"http:\/\/archiv.szolnoktv.hu\/index.php?rest_route=%2Fwp%2Fv2%2Ftags&post=30510"}],"curies":[{"name":"wp","href":"https:\/\/api.w.org\/{rel}","templated":true}]}}