{"id":30509,"date":"2008-02-28T23:28:40","date_gmt":"2008-02-28T23:28:40","guid":{"rendered":"http:\/\/archiv.szolnoktv.hu\/?p=30509"},"modified":"2021-11-17T11:36:26","modified_gmt":"2021-11-17T11:36:26","slug":"szloven-tengerpart-magyar-termalstrand","status":"publish","type":"post","link":"http:\/\/archiv.szolnoktv.hu\/?p=30509","title":{"rendered":"Szlov\u00e9n tengerpart, magyar term\u00e1lstrand"},"content":{"rendered":"<div class='booster-block booster-read-block'><\/div><p>49 orsz\u00e1g, t\u00f6bb sz\u00e1z ki\u00e1ll\u00edt\u00f3. Megny\u00edlt a 31. Utaz\u00e1s ki\u00e1ll\u00edt\u00e1s. Az orsz\u00e1g legnagyobb idegenforgalmi v\u00e1s\u00e1r\u00e1n a megye \u00e9s a megyesz\u00e9khely k\u00f6z\u00f6s standon vesz r\u00e9szt. A szakki\u00e1ll\u00edt\u00e1s vas\u00e1rnap estig tart.<br \/>\nAz idei ki\u00e1ll\u00edt\u00e1s d\u00edszvend\u00e9ge Szlov\u00e9nia, d\u00e9lnyugati szomsz\u00e9dunk hegyeivel, tengerparti nyaral\u00f3helyeivel pr\u00f3b\u00e1lja mag\u00e1hoz \u00e9desgetni a turist\u00e1kat. Mint ahogy az egykori jugoszl\u00e1v tagk\u00f6zt\u00e1rsas\u00e1ghoz hasonl\u00f3an a t\u00f6bbi negyvennyolc orsz\u00e1g is mindent bevet annak \u00e9rdek\u00e9ben, hogy az egyre \u00e9lesed\u0151 idegenforgalmi versenyben meg\u00e1llja hely\u00e9t. A k\u00fclf\u00f6ldi utakak n\u00e9pszer\u0171s\u00edt\u0151 standok az A pavilonban kaptak helyet, a belf\u00f6ldi utakat a valamivel kisebb B pavilonban \u00e1ll\u00f3 standok n\u00e9pszer\u0171s\u00edtik. Ezekb\u0151l sz\u00e1zn\u00e1l is t\u00f6bb van.A tavalyi adatok alapj\u00e1n a megy\u00e9t felkeres\u0151 k\u00fclf\u00f6ldi turist\u00e1k sz\u00e1ma cs\u00f6kken, \u00f6rvendetes viszont egyre t\u00f6bb belf\u00f6ldi turista t\u00f6lt el hosszabb- r\u00f6videbb id\u0151t a megy\u00e9ben, vagy ak\u00e1r a megyesz\u00e9khelyen. Az idegenforgalmi szakemberek keveslik az itt elt\u00f6lt\u00f6tt vend\u00e9g\u00e9jszak\u00e1k sz\u00e1m\u00e1t. Ez a mutat\u00f3 tavaly alig haladta meg a h\u00e1rmat, azaz a vend\u00e9gek sz\u00edvesen j\u00f6nek, de nem sz\u00edvesen maradnak. Hogy a tavalyin\u00e1l t\u00f6bb legyen az ak\u00e1r belf\u00f6ldi, ak\u00e1r k\u00fclhoni vend\u00e9g- komoly marketingmunk\u00e1ra van sz\u00fcks\u00e9g. A megyei \u00f6nkorm\u00e1nyzat megalakul\u00e1sa \u00f3ta r\u00e9szt vesz az orsz\u00e1g legnagyobb szakmai b\u00f6rz\u00e9j\u00e9n. A mai szakmai nappal hivatalosan is megny\u00edl\u00f3 v\u00e1s\u00e1rra id\u00e9n is t\u00f6bb t\u00edzezer vend\u00e9get v\u00e1rnak. A 31. Utaz\u00e1s ki\u00e1ll\u00edt\u00e1s m\u00e1rcius m\u00e1sodik\u00e1ig v\u00e1rja a vend\u00e9geket.<\/p>\n","protected":false},"excerpt":{"rendered":"<p>49 orsz\u00e1g, t\u00f6bb sz\u00e1z ki\u00e1ll\u00edt\u00f3. Megny\u00edlt a 31. Utaz\u00e1s ki\u00e1ll\u00edt\u00e1s. Az orsz\u00e1g legnagyobb idegenforgalmi v\u00e1s\u00e1r\u00e1n a megye \u00e9s a megyesz\u00e9khely k\u00f6z\u00f6s standon vesz r\u00e9szt. A szakki\u00e1ll\u00edt\u00e1s vas\u00e1rnap estig tart. Az idei ki\u00e1ll\u00edt\u00e1s d\u00edszvend\u00e9ge Szlov\u00e9nia, d\u00e9lnyugati szomsz\u00e9dunk hegyeivel, tengerparti nyaral\u00f3helyeivel pr\u00f3b\u00e1lja mag\u00e1hoz \u00e9desgetni a turist\u00e1kat. Mint ahogy az egykori jugoszl\u00e1v tagk\u00f6zt\u00e1rsas\u00e1ghoz hasonl\u00f3an a t\u00f6bbi negyvennyolc orsz\u00e1g [&hellip;]<\/p>\n","protected":false},"author":2,"featured_media":0,"comment_status":"open","ping_status":"open","sticky":false,"template":"","format":"standard","meta":[],"categories":[24],"tags":[],"_links":{"self":[{"href":"http:\/\/archiv.szolnoktv.hu\/index.php?rest_route=\/wp\/v2\/posts\/30509"}],"collection":[{"href":"http:\/\/archiv.szolnoktv.hu\/index.php?rest_route=\/wp\/v2\/posts"}],"about":[{"href":"http:\/\/archiv.szolnoktv.hu\/index.php?rest_route=\/wp\/v2\/types\/post"}],"author":[{"embeddable":true,"href":"http:\/\/archiv.szolnoktv.hu\/index.php?rest_route=\/wp\/v2\/users\/2"}],"replies":[{"embeddable":true,"href":"http:\/\/archiv.szolnoktv.hu\/index.php?rest_route=%2Fwp%2Fv2%2Fcomments&post=30509"}],"version-history":[{"count":1,"href":"http:\/\/archiv.szolnoktv.hu\/index.php?rest_route=\/wp\/v2\/posts\/30509\/revisions"}],"predecessor-version":[{"id":30538,"href":"http:\/\/archiv.szolnoktv.hu\/index.php?rest_route=\/wp\/v2\/posts\/30509\/revisions\/30538"}],"wp:attachment":[{"href":"http:\/\/archiv.szolnoktv.hu\/index.php?rest_route=%2Fwp%2Fv2%2Fmedia&parent=30509"}],"wp:term":[{"taxonomy":"category","embeddable":true,"href":"http:\/\/archiv.szolnoktv.hu\/index.php?rest_route=%2Fwp%2Fv2%2Fcategories&post=30509"},{"taxonomy":"post_tag","embeddable":true,"href":"http:\/\/archiv.szolnoktv.hu\/index.php?rest_route=%2Fwp%2Fv2%2Ftags&post=30509"}],"curies":[{"name":"wp","href":"https:\/\/api.w.org\/{rel}","templated":true}]}}