{"id":30506,"date":"2008-02-27T19:36:36","date_gmt":"2008-02-27T19:36:36","guid":{"rendered":"http:\/\/archiv.szolnoktv.hu\/?p=30506"},"modified":"2021-11-17T11:36:26","modified_gmt":"2021-11-17T11:36:26","slug":"esely-az-egyenlosegre","status":"publish","type":"post","link":"http:\/\/archiv.szolnoktv.hu\/?p=30506","title":{"rendered":"Es\u00e9ly az egyenl\u0151s\u00e9gre"},"content":{"rendered":"<div class='booster-block booster-read-block'><\/div><p>2007 az Egyenl\u0151 Es\u00e9lyek Mindenki Sz\u00e1m\u00e1ra Eur\u00f3pai \u00c9ve volt, melynek c\u00e9lja, hogy felh\u00edvja az emberek figyelm\u00e9t az igazs\u00e1gos \u00e9s \u00f6sszetart\u00f3 t\u00e1rsadalom el\u0151nyeire. Ennek jegy\u00e9ben a szolnoki Es\u00e9lyek h\u00e1za sz\u00e1mos programot h\u00edvott \u00e9letre tavaly. A szolnoki es\u00e9lyegyenl\u0151s\u00e9gi \u00e9v z\u00e1r\u00f3konfernci\u00e1j\u00e1t ma tartott\u00e1k a Megyeh\u00e1z\u00e1n.<br \/>\n&#8220;Mindenki hallassa a hangj\u00e1t&#8221;&#8221;<br \/>\n&#8220;&#8221;Es\u00e9lyegyenl\u0151s\u00e9gi kist\u00e9rs\u00e9gi f\u00f3rumsorozat&#8221;&#8221;<br \/>\nId\u0151s\u00fcgyi workshop<\/p>\n","protected":false},"excerpt":{"rendered":"<p>2007 az Egyenl\u0151 Es\u00e9lyek Mindenki Sz\u00e1m\u00e1ra Eur\u00f3pai \u00c9ve volt, melynek c\u00e9lja, hogy felh\u00edvja az emberek figyelm\u00e9t az igazs\u00e1gos \u00e9s \u00f6sszetart\u00f3 t\u00e1rsadalom el\u0151nyeire. Ennek jegy\u00e9ben a szolnoki Es\u00e9lyek h\u00e1za sz\u00e1mos programot h\u00edvott \u00e9letre tavaly. A szolnoki es\u00e9lyegyenl\u0151s\u00e9gi \u00e9v z\u00e1r\u00f3konfernci\u00e1j\u00e1t ma tartott\u00e1k a Megyeh\u00e1z\u00e1n. &#8220;Mindenki hallassa a hangj\u00e1t&#8221;&#8221; &#8220;&#8221;Es\u00e9lyegyenl\u0151s\u00e9gi kist\u00e9rs\u00e9gi f\u00f3rumsorozat&#8221;&#8221; Id\u0151s\u00fcgyi workshop<\/p>\n","protected":false},"author":2,"featured_media":0,"comment_status":"open","ping_status":"open","sticky":false,"template":"","format":"standard","meta":[],"categories":[24],"tags":[],"_links":{"self":[{"href":"http:\/\/archiv.szolnoktv.hu\/index.php?rest_route=\/wp\/v2\/posts\/30506"}],"collection":[{"href":"http:\/\/archiv.szolnoktv.hu\/index.php?rest_route=\/wp\/v2\/posts"}],"about":[{"href":"http:\/\/archiv.szolnoktv.hu\/index.php?rest_route=\/wp\/v2\/types\/post"}],"author":[{"embeddable":true,"href":"http:\/\/archiv.szolnoktv.hu\/index.php?rest_route=\/wp\/v2\/users\/2"}],"replies":[{"embeddable":true,"href":"http:\/\/archiv.szolnoktv.hu\/index.php?rest_route=%2Fwp%2Fv2%2Fcomments&post=30506"}],"version-history":[{"count":1,"href":"http:\/\/archiv.szolnoktv.hu\/index.php?rest_route=\/wp\/v2\/posts\/30506\/revisions"}],"predecessor-version":[{"id":30541,"href":"http:\/\/archiv.szolnoktv.hu\/index.php?rest_route=\/wp\/v2\/posts\/30506\/revisions\/30541"}],"wp:attachment":[{"href":"http:\/\/archiv.szolnoktv.hu\/index.php?rest_route=%2Fwp%2Fv2%2Fmedia&parent=30506"}],"wp:term":[{"taxonomy":"category","embeddable":true,"href":"http:\/\/archiv.szolnoktv.hu\/index.php?rest_route=%2Fwp%2Fv2%2Fcategories&post=30506"},{"taxonomy":"post_tag","embeddable":true,"href":"http:\/\/archiv.szolnoktv.hu\/index.php?rest_route=%2Fwp%2Fv2%2Ftags&post=30506"}],"curies":[{"name":"wp","href":"https:\/\/api.w.org\/{rel}","templated":true}]}}