{"id":30505,"date":"2008-02-27T19:35:31","date_gmt":"2008-02-27T19:35:31","guid":{"rendered":"http:\/\/archiv.szolnoktv.hu\/?p=30505"},"modified":"2021-11-17T11:36:26","modified_gmt":"2021-11-17T11:36:26","slug":"jol-teljesitettek-tuzoltoink","status":"publish","type":"post","link":"http:\/\/archiv.szolnoktv.hu\/?p=30505","title":{"rendered":"J\u00f3l teljes\u00edtettek t\u0171zolt\u00f3ink"},"content":{"rendered":"<div class='booster-block booster-read-block'><\/div><p>El\u00e9gedett a v\u00e1rosi t\u0171zolt\u00f3parancsnok a szolnoki l\u00e1nglovagok munk\u00e1j\u00e1val. &#8211; ez der\u00fclt ki a t\u0171zolt\u00f3s\u00e1g mai \u00e1llom\u00e1nygy\u0171l\u00e9s\u00e9n. A t\u0171zolt\u00f3k minden helyzetben meg\u00e1llt\u00e1k a hely\u00fcket, legyen sz\u00f3 m\u0171szaki ment\u00e9sr\u0151l, vagy ak\u00e1r j\u00e1t\u00e9kos szakmai versenyr\u0151l.<br \/>\n740 t\u0171zeset, 341 m\u0171szaki ment\u00e9s, t\u00f6bb mint 200 t\u00e9ves riaszt\u00e1s. Csaknem 1300-szor vonultak a t\u0171zolt\u00f3k 2007-ben. A l\u00e1nglovagok mai \u00e1llom\u00e1nygy\u0171l\u00e9s\u00e9n Pluh\u00e1r Andr\u00e1s, v\u00e1rosi t\u0171zolt\u00f3parancsnok \u00e9rt\u00e9kelte a tavalyi esztend\u0151t. Az ezredes el\u00e9gedett a t\u0171zolt\u00f3k tavalyi tev\u00e9kenys\u00e9g\u00e9vel. Sz\u00e1mos szakmai versenyen vettek r\u00e9szt a t\u0171zolt\u00f3k 2007-ben. Az Orsz\u00e1gos T\u0171zolt\u00f3 Napi megm\u00e9rettet\u00e9sen csaknem 100 t\u0171zolt\u00f3s\u00e1ggal m\u00e9rt\u00e9k \u00f6ssze tud\u00e1sukat, \u00e1m arany\u00e9remmel t\u00e1voztak a szentendrei rendezv\u00e9nyr\u0151l. T\u00f6bb \u00f6reg t\u0171zolt\u00f3aut\u00f3t korszer\u0171bbre cser\u00e9ltek.  Id\u00e9n t\u00edz fiatal l\u00e1nglovagot vesznek fel a szolnoki t\u0171zolt\u00f3s\u00e1g \u00e1llom\u00e1ny\u00e1ba, az \u0151 kik\u00e9pz\u00e9s\u00fck m\u00e1r elkezd\u0151d\u00f6tt Kunszentm\u00e1rtonban. Tov\u00e1bb folytat\u00f3dik- els\u0151sorban p\u00e1ly\u00e1zati p\u00e9nzb\u0151l &#8211; a t\u0171zolt\u00f3aut\u00f3k cser\u00e9je. A szakmai versenyekre \u00e9s gyakorlatokra id\u00e9n is g\u0151zer\u0151vel k\u00e9sz\u00fclnek a szolnoki t\u0171zolt\u00f3k. Ezek k\u00f6z\u00fcl a legjelent\u0151sebb az \u00fagynevezett EU-RHOMEX nemzetk\u00f6zi gyakorlat lesz t\u00f6bb uni\u00f3s orsz\u00e1g bevon\u00e1s\u00e1val, melyet haz\u00e1nkban els\u0151 \u00edzben szeptemberben Szolnokon rendeznek.<\/p>\n","protected":false},"excerpt":{"rendered":"<p>El\u00e9gedett a v\u00e1rosi t\u0171zolt\u00f3parancsnok a szolnoki l\u00e1nglovagok munk\u00e1j\u00e1val. &#8211; ez der\u00fclt ki a t\u0171zolt\u00f3s\u00e1g mai \u00e1llom\u00e1nygy\u0171l\u00e9s\u00e9n. A t\u0171zolt\u00f3k minden helyzetben meg\u00e1llt\u00e1k a hely\u00fcket, legyen sz\u00f3 m\u0171szaki ment\u00e9sr\u0151l, vagy ak\u00e1r j\u00e1t\u00e9kos szakmai versenyr\u0151l. 740 t\u0171zeset, 341 m\u0171szaki ment\u00e9s, t\u00f6bb mint 200 t\u00e9ves riaszt\u00e1s. Csaknem 1300-szor vonultak a t\u0171zolt\u00f3k 2007-ben. A l\u00e1nglovagok mai \u00e1llom\u00e1nygy\u0171l\u00e9s\u00e9n Pluh\u00e1r Andr\u00e1s, v\u00e1rosi [&hellip;]<\/p>\n","protected":false},"author":2,"featured_media":0,"comment_status":"open","ping_status":"open","sticky":false,"template":"","format":"standard","meta":[],"categories":[24],"tags":[],"_links":{"self":[{"href":"http:\/\/archiv.szolnoktv.hu\/index.php?rest_route=\/wp\/v2\/posts\/30505"}],"collection":[{"href":"http:\/\/archiv.szolnoktv.hu\/index.php?rest_route=\/wp\/v2\/posts"}],"about":[{"href":"http:\/\/archiv.szolnoktv.hu\/index.php?rest_route=\/wp\/v2\/types\/post"}],"author":[{"embeddable":true,"href":"http:\/\/archiv.szolnoktv.hu\/index.php?rest_route=\/wp\/v2\/users\/2"}],"replies":[{"embeddable":true,"href":"http:\/\/archiv.szolnoktv.hu\/index.php?rest_route=%2Fwp%2Fv2%2Fcomments&post=30505"}],"version-history":[{"count":1,"href":"http:\/\/archiv.szolnoktv.hu\/index.php?rest_route=\/wp\/v2\/posts\/30505\/revisions"}],"predecessor-version":[{"id":30542,"href":"http:\/\/archiv.szolnoktv.hu\/index.php?rest_route=\/wp\/v2\/posts\/30505\/revisions\/30542"}],"wp:attachment":[{"href":"http:\/\/archiv.szolnoktv.hu\/index.php?rest_route=%2Fwp%2Fv2%2Fmedia&parent=30505"}],"wp:term":[{"taxonomy":"category","embeddable":true,"href":"http:\/\/archiv.szolnoktv.hu\/index.php?rest_route=%2Fwp%2Fv2%2Fcategories&post=30505"},{"taxonomy":"post_tag","embeddable":true,"href":"http:\/\/archiv.szolnoktv.hu\/index.php?rest_route=%2Fwp%2Fv2%2Ftags&post=30505"}],"curies":[{"name":"wp","href":"https:\/\/api.w.org\/{rel}","templated":true}]}}