{"id":30504,"date":"2008-02-27T19:34:25","date_gmt":"2008-02-27T19:34:25","guid":{"rendered":"http:\/\/archiv.szolnoktv.hu\/?p=30504"},"modified":"2021-11-17T11:36:26","modified_gmt":"2021-11-17T11:36:26","slug":"hetenyi-felujitas","status":"publish","type":"post","link":"http:\/\/archiv.szolnoktv.hu\/?p=30504","title":{"rendered":"Het\u00e9nyi fel\u00faj\u00edt\u00e1s"},"content":{"rendered":"<div class='booster-block booster-read-block'><\/div><p>Nemsok\u00e1ra befejez\u0151dik a belgy\u00f3gy\u00e1szat \u00e9p\u00fclet\u00e9nek fel\u00faj\u00edt\u00e1sa a Het\u00e9nyi G\u00e9za K\u00f3rh\u00e1zban. Az oszt\u00e1lyok v\u00e1rhat\u00f3an m\u00e1jusban m\u00e1r visszak\u00f6lt\u00f6zhetnek az \u00e9p\u00fcletbe. A munka azonban nem \u00e1ll meg: a tervek elk\u00e9sz\u00fcltek a tov\u00e1bbi beruh\u00e1z\u00e1sokra is.<br \/>\n\u00dajabb m\u00e9rf\u00f6ldk\u0151h\u00f6z k\u00f6zeleg a szolnoki Het\u00e9nyi G\u00e9za K\u00f3rh\u00e1z fel\u00faj\u00edt\u00e1sa, hiszen m\u00e1r a v\u00e9gs\u0151 munk\u00e1latokn\u00e1l tartanak a belgy\u00f3gy\u00e1szat \u00e9p\u00fclet\u00e9ben. A beruh\u00e1z\u00e1s c\u00edmzett t\u00e1mogat\u00e1sb\u00f3l val\u00f3sult meg, a megyei \u00f6nkorm\u00e1nyzat 960 milli\u00f3 forintot nyert erre. Az \u00e1talak\u00edt\u00e1s v\u00e1rhat\u00f3an a teljes belgy\u00f3gy\u00e1szati ell\u00e1t\u00e1sban sz\u00ednvonaln\u00f6veked\u00e9st hoz majd. A tervek szerint \u00e1prilisban elk\u00e9sz\u00fclnek a munk\u00e1latok, \u00e9s m\u00e1jus folyam\u00e1n az oszt\u00e1lyok visszak\u00f6lt\u00f6zhetnek az \u00e9p\u00fcletbe. A Het\u00e9nyi G\u00e9za K\u00f3rh\u00e1z fel\u00faj\u00edt\u00e1s\u00e1ban a k\u00f6vetkez\u0151 l\u00e9p\u00e9s a s\u00fcrg\u0151ss\u00e9gi oszt\u00e1ly egykapus rendszerr\u00e9 val\u00f3 fejleszt\u00e9se lesz. Az egykapus rendszer olyan s\u00fcrg\u0151ss\u00e9gi ell\u00e1t\u00e1st jelent, ahol egy helyen tal\u00e1lhat\u00f3 meg az az orvoscsoport \u00e9s felszerelets\u00e9g, ami az azonnali szakell\u00e1t\u00e1st a legr\u00f6videbb id\u0151n bel\u00fcl biztos\u00edtani tudja. Ehhez tartozna belgy\u00f3gy\u00e1sz, traumatol\u00f3gus, seb\u00e9sz, laborat\u00f3rium, r\u00f6ntgen, ct, mr, m\u0171t\u0151k \u00e9s intenz\u00edv oszt\u00e1ly. Ezut\u00e1n k\u00f6vetkezik majd az onkol\u00f3giai centrum fejleszt\u00e9se, v\u00e9g\u00fcl a nagyobb l\u00e9pt\u00e9k\u0171: a 7 emeletes \u00e9p\u00fclet fel\u00faj\u00edt\u00e1sa. A beruh\u00e1z\u00e1sokhoz a p\u00e1ly\u00e1zatot v\u00e1rhat\u00f3an tavasszal ny\u00fajtja be a k\u00f3rh\u00e1z \u00e9s az \u00f6nkorm\u00e1nyzat. Az \u00f6nr\u00e9szre a megyei k\u00f6zgy\u0171l\u00e9sen megszavazott 4 milli\u00e1rdos k\u00f6tv\u00e9nyb\u0151l lesz fedezet.<\/p>\n","protected":false},"excerpt":{"rendered":"<p>Nemsok\u00e1ra befejez\u0151dik a belgy\u00f3gy\u00e1szat \u00e9p\u00fclet\u00e9nek fel\u00faj\u00edt\u00e1sa a Het\u00e9nyi G\u00e9za K\u00f3rh\u00e1zban. Az oszt\u00e1lyok v\u00e1rhat\u00f3an m\u00e1jusban m\u00e1r visszak\u00f6lt\u00f6zhetnek az \u00e9p\u00fcletbe. A munka azonban nem \u00e1ll meg: a tervek elk\u00e9sz\u00fcltek a tov\u00e1bbi beruh\u00e1z\u00e1sokra is. \u00dajabb m\u00e9rf\u00f6ldk\u0151h\u00f6z k\u00f6zeleg a szolnoki Het\u00e9nyi G\u00e9za K\u00f3rh\u00e1z fel\u00faj\u00edt\u00e1sa, hiszen m\u00e1r a v\u00e9gs\u0151 munk\u00e1latokn\u00e1l tartanak a belgy\u00f3gy\u00e1szat \u00e9p\u00fclet\u00e9ben. A beruh\u00e1z\u00e1s c\u00edmzett t\u00e1mogat\u00e1sb\u00f3l val\u00f3sult meg, [&hellip;]<\/p>\n","protected":false},"author":2,"featured_media":0,"comment_status":"open","ping_status":"open","sticky":false,"template":"","format":"standard","meta":[],"categories":[24],"tags":[],"_links":{"self":[{"href":"http:\/\/archiv.szolnoktv.hu\/index.php?rest_route=\/wp\/v2\/posts\/30504"}],"collection":[{"href":"http:\/\/archiv.szolnoktv.hu\/index.php?rest_route=\/wp\/v2\/posts"}],"about":[{"href":"http:\/\/archiv.szolnoktv.hu\/index.php?rest_route=\/wp\/v2\/types\/post"}],"author":[{"embeddable":true,"href":"http:\/\/archiv.szolnoktv.hu\/index.php?rest_route=\/wp\/v2\/users\/2"}],"replies":[{"embeddable":true,"href":"http:\/\/archiv.szolnoktv.hu\/index.php?rest_route=%2Fwp%2Fv2%2Fcomments&post=30504"}],"version-history":[{"count":1,"href":"http:\/\/archiv.szolnoktv.hu\/index.php?rest_route=\/wp\/v2\/posts\/30504\/revisions"}],"predecessor-version":[{"id":30543,"href":"http:\/\/archiv.szolnoktv.hu\/index.php?rest_route=\/wp\/v2\/posts\/30504\/revisions\/30543"}],"wp:attachment":[{"href":"http:\/\/archiv.szolnoktv.hu\/index.php?rest_route=%2Fwp%2Fv2%2Fmedia&parent=30504"}],"wp:term":[{"taxonomy":"category","embeddable":true,"href":"http:\/\/archiv.szolnoktv.hu\/index.php?rest_route=%2Fwp%2Fv2%2Fcategories&post=30504"},{"taxonomy":"post_tag","embeddable":true,"href":"http:\/\/archiv.szolnoktv.hu\/index.php?rest_route=%2Fwp%2Fv2%2Ftags&post=30504"}],"curies":[{"name":"wp","href":"https:\/\/api.w.org\/{rel}","templated":true}]}}