{"id":30503,"date":"2008-02-27T19:32:49","date_gmt":"2008-02-27T19:32:49","guid":{"rendered":"http:\/\/archiv.szolnoktv.hu\/?p=30503"},"modified":"2021-11-17T11:36:26","modified_gmt":"2021-11-17T11:36:26","slug":"tonnanyi-apro","status":"publish","type":"post","link":"http:\/\/archiv.szolnoktv.hu\/?p=30503","title":{"rendered":"Tonn\u00e1nyi apr\u00f3"},"content":{"rendered":"<div class='booster-block booster-read-block'><\/div><p>Az elm\u00falt k\u00e9t \u00e9s f\u00e9l h\u00f3napban ennyi egy \u00e9s k\u00e9t forintost gy\u0171jt\u00f6ttek \u00f6ssze a v\u00e1s\u00e1rl\u00f3k Szolnok egyik nagy\u00e1ruh\u00e1z\u00e1ban. Az \u00fcvegurn\u00e1kban sokasod\u00f3 p\u00e9nzb\u0151l a het\u00e9nyi G\u00e9za K\u00f3rh\u00e1z Gyermekoszt\u00e1ly\u00e1nak szeretn\u00e9nek ultrahangvizsg\u00e1l\u00f3 g\u00e9pet v\u00e1s\u00e1rolni.<br \/>\nM\u00e1r csak n\u00e9h\u00e1ny napig haszn\u00e1lhat\u00f3 fizet\u0151eszk\u00f6zk\u00e9nt az egy \u00e9s k\u00e9tforintos. M\u00e1rcius elsej\u00e9vel ez a lehet\u0151s\u00e9g megsz\u0171nik. Ez adta n\u00e9h\u00e1ny h\u00f3nappal ezel\u0151tt az \u00f6tletet Szolnok egyik nagy\u00e1ruh\u00e1z\u00e1nak, hogy a Het\u00e9nyi G\u00e9za K\u00f3rh\u00e1z Gyermekoszt\u00e1ly\u00e1nak jav\u00e1ra adom\u00e1nygy\u0171jt\u00e9sbe kezdjen. A v\u00e1s\u00e1rl\u00f3k zsebben lapul\u00f3 apr\u00f3p\u00e9nz\u00e9t gy\u0171jt\u00f6tt\u00e9k \u00fcveg urn\u00e1kban, melyekbe a v\u00e1rt egy \u00e9s k\u00e9t forintosokon t\u00fal &#8211; tizesek, sz\u00e1zasok \u00e9s nagyobb c\u00edmletek is ker\u00fcltek. A p\u00e9nzb\u0151l a gyermekoszt\u00e1ly r\u00e9sz\u00e9re 4,7 mili\u00f3 forint \u00e9rt\u00e9k\u0171 ultrahangvizsg\u00e1l\u00f3t szeretn\u00e9nek v\u00e1s\u00e1rolni. Azt ma m\u00e9g pontosan megmondani, hogy mennyi gy\u0171lt \u00f6ssze nem lehet, az azonban biztos: t\u00f6bb, mint egy tonn\u00e1nyi mennyis\u00e9g. Az adom\u00e1nygy\u0171jt\u00e9s m\u00e1r most sikeresnek mondhat\u00f3, hiszen a v\u00e1s\u00e1rl\u00f3k -ez az urn\u00e1kon l\u00e1tszik is- folyamatosan adakoztak. Volt aki n\u00e9h\u00e1ny forintot adott, m\u00e1s a k\u00f6zel 20 \u00e9ve \u0151rz\u00f6tt persely\u00e9t \u00e1ldozta e nemes c\u00e9lra. A c\u00e9gn\u00e9l az egy \u00e9s k\u00e9t forintosokat m\u00e1rcius 12-ig gy\u0171jtik. Akkor tartj\u00e1k a nyilv\u00e1nos p\u00e9nzsz\u00e1ml\u00e1l\u00e1st is.<\/p>\n","protected":false},"excerpt":{"rendered":"<p>Az elm\u00falt k\u00e9t \u00e9s f\u00e9l h\u00f3napban ennyi egy \u00e9s k\u00e9t forintost gy\u0171jt\u00f6ttek \u00f6ssze a v\u00e1s\u00e1rl\u00f3k Szolnok egyik nagy\u00e1ruh\u00e1z\u00e1ban. Az \u00fcvegurn\u00e1kban sokasod\u00f3 p\u00e9nzb\u0151l a het\u00e9nyi G\u00e9za K\u00f3rh\u00e1z Gyermekoszt\u00e1ly\u00e1nak szeretn\u00e9nek ultrahangvizsg\u00e1l\u00f3 g\u00e9pet v\u00e1s\u00e1rolni. M\u00e1r csak n\u00e9h\u00e1ny napig haszn\u00e1lhat\u00f3 fizet\u0151eszk\u00f6zk\u00e9nt az egy \u00e9s k\u00e9tforintos. M\u00e1rcius elsej\u00e9vel ez a lehet\u0151s\u00e9g megsz\u0171nik. Ez adta n\u00e9h\u00e1ny h\u00f3nappal ezel\u0151tt az \u00f6tletet Szolnok [&hellip;]<\/p>\n","protected":false},"author":2,"featured_media":0,"comment_status":"open","ping_status":"open","sticky":false,"template":"","format":"standard","meta":[],"categories":[24],"tags":[],"_links":{"self":[{"href":"http:\/\/archiv.szolnoktv.hu\/index.php?rest_route=\/wp\/v2\/posts\/30503"}],"collection":[{"href":"http:\/\/archiv.szolnoktv.hu\/index.php?rest_route=\/wp\/v2\/posts"}],"about":[{"href":"http:\/\/archiv.szolnoktv.hu\/index.php?rest_route=\/wp\/v2\/types\/post"}],"author":[{"embeddable":true,"href":"http:\/\/archiv.szolnoktv.hu\/index.php?rest_route=\/wp\/v2\/users\/2"}],"replies":[{"embeddable":true,"href":"http:\/\/archiv.szolnoktv.hu\/index.php?rest_route=%2Fwp%2Fv2%2Fcomments&post=30503"}],"version-history":[{"count":1,"href":"http:\/\/archiv.szolnoktv.hu\/index.php?rest_route=\/wp\/v2\/posts\/30503\/revisions"}],"predecessor-version":[{"id":30544,"href":"http:\/\/archiv.szolnoktv.hu\/index.php?rest_route=\/wp\/v2\/posts\/30503\/revisions\/30544"}],"wp:attachment":[{"href":"http:\/\/archiv.szolnoktv.hu\/index.php?rest_route=%2Fwp%2Fv2%2Fmedia&parent=30503"}],"wp:term":[{"taxonomy":"category","embeddable":true,"href":"http:\/\/archiv.szolnoktv.hu\/index.php?rest_route=%2Fwp%2Fv2%2Fcategories&post=30503"},{"taxonomy":"post_tag","embeddable":true,"href":"http:\/\/archiv.szolnoktv.hu\/index.php?rest_route=%2Fwp%2Fv2%2Ftags&post=30503"}],"curies":[{"name":"wp","href":"https:\/\/api.w.org\/{rel}","templated":true}]}}