{"id":30502,"date":"2008-02-27T19:31:21","date_gmt":"2008-02-27T19:31:21","guid":{"rendered":"http:\/\/archiv.szolnoktv.hu\/?p=30502"},"modified":"2021-11-17T11:36:26","modified_gmt":"2021-11-17T11:36:26","slug":"portugal-jotanacsok","status":"publish","type":"post","link":"http:\/\/archiv.szolnoktv.hu\/?p=30502","title":{"rendered":"Portug\u00e1l j\u00f3tan\u00e1csok"},"content":{"rendered":"<div class='booster-block booster-read-block'><\/div><p>Szolnokon j\u00e1rt a portug\u00e1l nagyk\u00f6vet. Az EuroPartner klub vend\u00e9gek\u00e9nt a portug\u00e1l Eur\u00f3pai Uni\u00f3s eln\u00f6ks\u00e9g tapasztalatair\u00f3l tartott el&#245;ad\u00e1st.<br \/>\nAz EuroPartner klub megh\u00edv\u00e1s\u00e1ra Szolnokra l\u00e1togatott a portug\u00e1l nagyk\u00f6vet. Da Silva urat Szab\u00f3 Istv\u00e1n alpolg\u00e1rmester fogadta. A hivatalos tal\u00e1lkoz\u00f3n sz\u00f3 volt Szolnok v\u00e1ros ipari \u00e9s hum\u00e1n fejleszt\u00e9s\u00e9r&#245;l \u00e9s uni\u00f3s lehet&#245;s\u00e9geir&#245;l. A l\u00e1togat\u00e1s v\u00e9g\u00e9n a nagyk\u00f6vet a Verseghy Ferenc K\u00f6nyvt\u00e1rban tartott el&#245;ad\u00e1st Portug\u00e1lia Eur\u00f3pai Uni\u00f3s eln\u00f6ks\u00e9g\u00e9nek tapasztalatair\u00f3l. A nagyk\u00f6vet elmondta, az\u00e9rt lehet k\u00fcl\u00f6n\u00f6sen fontos Magyarorsz\u00e1g sz\u00e1m\u00e1ra az a tapasztalat, amelyet Portug\u00e1li\u00e1t\u00f3l kaphat, mert b\u00e1r orsz\u00e1guk sokkal hamarabb lett az Eur\u00f3pai Uni\u00f3 tagja, m\u00e9gis Magyarorsz\u00e1ggal hasonl\u00f3 nagys\u00e1g\u00faak mind f\u00f6ldrajzi ter\u00fclet, mind lakoss\u00e1gsz\u00e1m vonatkoz\u00e1s\u00e1ban. Ez\u00e9rt val\u00f3sz\u00edn&#251;bb, hogy ha a portug\u00e1l tapasztalatokat \u00f6sszehasonl\u00edtjuk a magyar lehet&#245;s\u00e9gekkel, akkor sokkal t\u00f6bb hasznos megold\u00e1st tal\u00e1lhatunk, mint hogyha mondjuk N\u00e9metorsz\u00e1ggal hasonl\u00edtan\u00e1nk \u00f6ssze.<\/p>\n","protected":false},"excerpt":{"rendered":"<p>Szolnokon j\u00e1rt a portug\u00e1l nagyk\u00f6vet. Az EuroPartner klub vend\u00e9gek\u00e9nt a portug\u00e1l Eur\u00f3pai Uni\u00f3s eln\u00f6ks\u00e9g tapasztalatair\u00f3l tartott el&#245;ad\u00e1st. Az EuroPartner klub megh\u00edv\u00e1s\u00e1ra Szolnokra l\u00e1togatott a portug\u00e1l nagyk\u00f6vet. Da Silva urat Szab\u00f3 Istv\u00e1n alpolg\u00e1rmester fogadta. A hivatalos tal\u00e1lkoz\u00f3n sz\u00f3 volt Szolnok v\u00e1ros ipari \u00e9s hum\u00e1n fejleszt\u00e9s\u00e9r&#245;l \u00e9s uni\u00f3s lehet&#245;s\u00e9geir&#245;l. A l\u00e1togat\u00e1s v\u00e9g\u00e9n a nagyk\u00f6vet a Verseghy Ferenc [&hellip;]<\/p>\n","protected":false},"author":2,"featured_media":0,"comment_status":"open","ping_status":"open","sticky":false,"template":"","format":"standard","meta":[],"categories":[24],"tags":[],"_links":{"self":[{"href":"http:\/\/archiv.szolnoktv.hu\/index.php?rest_route=\/wp\/v2\/posts\/30502"}],"collection":[{"href":"http:\/\/archiv.szolnoktv.hu\/index.php?rest_route=\/wp\/v2\/posts"}],"about":[{"href":"http:\/\/archiv.szolnoktv.hu\/index.php?rest_route=\/wp\/v2\/types\/post"}],"author":[{"embeddable":true,"href":"http:\/\/archiv.szolnoktv.hu\/index.php?rest_route=\/wp\/v2\/users\/2"}],"replies":[{"embeddable":true,"href":"http:\/\/archiv.szolnoktv.hu\/index.php?rest_route=%2Fwp%2Fv2%2Fcomments&post=30502"}],"version-history":[{"count":1,"href":"http:\/\/archiv.szolnoktv.hu\/index.php?rest_route=\/wp\/v2\/posts\/30502\/revisions"}],"predecessor-version":[{"id":30545,"href":"http:\/\/archiv.szolnoktv.hu\/index.php?rest_route=\/wp\/v2\/posts\/30502\/revisions\/30545"}],"wp:attachment":[{"href":"http:\/\/archiv.szolnoktv.hu\/index.php?rest_route=%2Fwp%2Fv2%2Fmedia&parent=30502"}],"wp:term":[{"taxonomy":"category","embeddable":true,"href":"http:\/\/archiv.szolnoktv.hu\/index.php?rest_route=%2Fwp%2Fv2%2Fcategories&post=30502"},{"taxonomy":"post_tag","embeddable":true,"href":"http:\/\/archiv.szolnoktv.hu\/index.php?rest_route=%2Fwp%2Fv2%2Ftags&post=30502"}],"curies":[{"name":"wp","href":"https:\/\/api.w.org\/{rel}","templated":true}]}}