{"id":30501,"date":"2008-02-27T19:28:40","date_gmt":"2008-02-27T19:28:40","guid":{"rendered":"http:\/\/archiv.szolnoktv.hu\/?p=30501"},"modified":"2021-11-17T11:36:26","modified_gmt":"2021-11-17T11:36:26","slug":"pokorni-zoltan-szolnokon","status":"publish","type":"post","link":"http:\/\/archiv.szolnoktv.hu\/?p=30501","title":{"rendered":"Pokorni Zolt\u00e1n Szolnokon"},"content":{"rendered":"<div class='booster-block booster-read-block'><\/div><p>\u00daj politikai korszak kezdet\u00e9t jelentheti a m\u00e1rcius kilencedikei n\u00e9pszavaz\u00e1s. Pokorni Zolt\u00e1n szerint a korm\u00e1nyzat nem hajland\u00f3 szemben\u00e9zni a tand\u00edj negat\u00edv hat\u00e1saival, pedig a tand\u00edj bevezet\u00e9se miatt is cs\u00f6kken az egyetemekre, f\u0151iskol\u00e1kra jelentkez\u0151k sz\u00e1ma.<br \/>\nAz oktat\u00e1si- eg\u00e9szs\u00e9g\u00fcgyi szakemberek- ak\u00e1rcsak a t\u00e1rsadalom- megosztott a fizet\u0151s, vagy nem fizet\u0151s orvosi, k\u00f3rh\u00e1zi ell\u00e1t\u00e1s, vagy fels\u0151oktat\u00e1s tekintet\u00e9ben. Abban azonban- kezdte szolnoki t\u00e1j\u00e9koztat\u00f3j\u00e1t Pokorni Zolt\u00e1n- mindenki egyet \u00e9rt, hogy nem eleg\u00e1ns a v\u00e1laszt\u00e1sok el\u0151tt ingyenes dipolm\u00e1r\u00f3l besz\u00e9lni, majd a v\u00e1laszt\u00e1si gy\u0151zelem ut\u00e1n bevezetni a tand\u00edjat. N\u00e9z\u0151pont k\u00e9rd\u00e9se, hogy a poh\u00e1r f\u00e9lig tele van- e, vagy \u00e9ppens\u00e9ggel f\u00e9lig \u00fcres, \u00e1m a Fidesz szakpolitikusa szerint norm\u00e1lis \u00e9rtelmez\u00e9si keretek k\u00f6z\u00e9 kell terelni a k\u00f6zbesz\u00e9det. Vannak orsz\u00e1gok, ahol fizet\u0151s a fels\u0151oktat\u00e1s, \u00e1m a legnagyobb ellenz\u00e9ki p\u00e1rt szakpolitikusa szerint a tand\u00edjat az adott t\u00e1rsadalom lehet\u0151s\u00e9geihez, teherb\u00edr\u00f3k\u00e9pess\u00e9g\u00e9hez kell m\u00e9rni. A sz\u00e1z- sz\u00e1z\u00f6tven ezer forintos tand\u00edj a k\u00f6z\u00e9pr\u00e9teghez tartoz\u00f3 csal\u00e1dok sz\u00e1m\u00e1ra elviselhetetlen terhet jelent. M\u00edg kett\u0151ezer kett\u0151ben 162 ezren jelentkeztek fels\u0151oktat\u00e1si int\u00e9zm\u00e9nybe, 2006- ban m\u00e1r harmincezerrel kevesebben. Tavaly- a tand\u00edj bevezet\u00e9s\u00e9t k\u00f6vet\u0151 \u00e9vben- pedig \u00f6sszesen 108 ezren. B\u00e1r az Oktat\u00e1si Miniszt\u00e9riumnak k\u00f6zz\u00e9 kellett volna tennie az idei jelentkez\u00e9si adatokat- ezt m\u00e9g nem tette meg- folytatta a Fidesz aleln\u00f6ke. Pokorni Zolt\u00e1n \u00fagy v\u00e9li, ezeket a sz\u00e1mokat csak m\u00e1rcius kilencedike ut\u00e1n hozza nyilv\u00e1noss\u00e1gra a szakt\u00e1rca.<\/p>\n","protected":false},"excerpt":{"rendered":"<p>\u00daj politikai korszak kezdet\u00e9t jelentheti a m\u00e1rcius kilencedikei n\u00e9pszavaz\u00e1s. Pokorni Zolt\u00e1n szerint a korm\u00e1nyzat nem hajland\u00f3 szemben\u00e9zni a tand\u00edj negat\u00edv hat\u00e1saival, pedig a tand\u00edj bevezet\u00e9se miatt is cs\u00f6kken az egyetemekre, f\u0151iskol\u00e1kra jelentkez\u0151k sz\u00e1ma. Az oktat\u00e1si- eg\u00e9szs\u00e9g\u00fcgyi szakemberek- ak\u00e1rcsak a t\u00e1rsadalom- megosztott a fizet\u0151s, vagy nem fizet\u0151s orvosi, k\u00f3rh\u00e1zi ell\u00e1t\u00e1s, vagy fels\u0151oktat\u00e1s tekintet\u00e9ben. Abban azonban- kezdte [&hellip;]<\/p>\n","protected":false},"author":2,"featured_media":0,"comment_status":"open","ping_status":"open","sticky":false,"template":"","format":"standard","meta":[],"categories":[24],"tags":[],"_links":{"self":[{"href":"http:\/\/archiv.szolnoktv.hu\/index.php?rest_route=\/wp\/v2\/posts\/30501"}],"collection":[{"href":"http:\/\/archiv.szolnoktv.hu\/index.php?rest_route=\/wp\/v2\/posts"}],"about":[{"href":"http:\/\/archiv.szolnoktv.hu\/index.php?rest_route=\/wp\/v2\/types\/post"}],"author":[{"embeddable":true,"href":"http:\/\/archiv.szolnoktv.hu\/index.php?rest_route=\/wp\/v2\/users\/2"}],"replies":[{"embeddable":true,"href":"http:\/\/archiv.szolnoktv.hu\/index.php?rest_route=%2Fwp%2Fv2%2Fcomments&post=30501"}],"version-history":[{"count":1,"href":"http:\/\/archiv.szolnoktv.hu\/index.php?rest_route=\/wp\/v2\/posts\/30501\/revisions"}],"predecessor-version":[{"id":30546,"href":"http:\/\/archiv.szolnoktv.hu\/index.php?rest_route=\/wp\/v2\/posts\/30501\/revisions\/30546"}],"wp:attachment":[{"href":"http:\/\/archiv.szolnoktv.hu\/index.php?rest_route=%2Fwp%2Fv2%2Fmedia&parent=30501"}],"wp:term":[{"taxonomy":"category","embeddable":true,"href":"http:\/\/archiv.szolnoktv.hu\/index.php?rest_route=%2Fwp%2Fv2%2Fcategories&post=30501"},{"taxonomy":"post_tag","embeddable":true,"href":"http:\/\/archiv.szolnoktv.hu\/index.php?rest_route=%2Fwp%2Fv2%2Ftags&post=30501"}],"curies":[{"name":"wp","href":"https:\/\/api.w.org\/{rel}","templated":true}]}}