{"id":30500,"date":"2008-02-26T22:46:34","date_gmt":"2008-02-26T22:46:34","guid":{"rendered":"http:\/\/archiv.szolnoktv.hu\/?p=30500"},"modified":"2021-11-17T11:36:26","modified_gmt":"2021-11-17T11:36:26","slug":"utazas-kiallitas-8","status":"publish","type":"post","link":"http:\/\/archiv.szolnoktv.hu\/?p=30500","title":{"rendered":"Utaz\u00e1s ki\u00e1ll\u00edt\u00e1s"},"content":{"rendered":"<div class='booster-block booster-read-block'><\/div><p>Egyre t\u00f6bb a vend\u00e9g, de a turist\u00e1k nem t\u00f6ltenek h\u00e1rom napn\u00e1l t\u00f6bbet a megy\u00e9ben. Ez ut\u00f3bbin v\u00e1ltoztatna a megye \u00e9s a megyesz\u00e9khely, amely a vend\u00e9g\u00e9jszak\u00e1k n\u00f6vel\u00e9se \u00e9rdek\u00e9ben k\u00f6z\u00f6s standon \u00e1ll\u00edt ki a holnaput\u00e1n ny\u00edl\u00f3 Utaz\u00e1s 2008 ki\u00e1ll\u00edt\u00e1son.<br \/>\nCs\u00fct\u00f6rt\u00f6kt\u0151l vas\u00e1rnapig tart a 31. Nemzetk\u00f6zi idegenforgalmi ki\u00e1ll\u00edt\u00e1s a budapesi V\u00e1s\u00e1rk\u00f6zpontban. A megyei \u00f6nkorm\u00e1nyzat megalakul\u00e1sa \u00f3ta r\u00e9szt ki\u00e1ll\u00edt a Hungexp\u00f3n. Az idei szakv\u00e1s\u00e1ron a v\u00e1rossal k\u00f6z\u00f6sen, mik\u00e9nt a p\u00e9csi, veszpr\u00e9mi, miskolci hasonl\u00f3 rendezv\u00e9nyeken is. Merthogy a turisztikai c\u00e9lok is k\u00f6z\u00f6sek. Cs\u00f6kken ugyanis a Magyarorsz\u00e1got- ezen bel\u00fcl t\u00e9rs\u00e9g\u00fcnket is felkeres\u0151- k\u00fclf\u00f6ldi turist\u00e1k sz\u00e1ma. Egyre t\u00f6bb azonban a belf\u00f6ldi vend\u00e9g. A tavalyi adatok szerint a megye kereskedelmi sz\u00e1ll\u00e1shelyeit tavaly 143 ezer vend\u00e9g kereste fel, k\u00f6z\u00fcl\u00fck 116 ezer volt a hazai turista, 27 ezer pedig a k\u00fclhoni. Az \u00e1tlagos tart\u00f3zkod\u00e1si id\u0151 tov\u00e1bbi n\u00f6vel\u00e9se a c\u00e9l. A Tiszainform Idegenforgalmi Szolg\u00e1lat ez\u00e9rt n\u00e9gynapos programcsomagokat \u00e1ll\u00edtott \u00f6ssze. Ezek- mik\u00e9nt a megyei sz\u00e1ll\u00e1shelyek list\u00e1ja is- megtal\u00e1lhat\u00f3k a p\u00e1ly\u00e1zati forr\u00e1sb\u00f3l megjelentetett megyei turisztikai kiadv\u00e1nyokban. Az \u00f6tezer p\u00e9ld\u00e1nyban elk\u00e9sz\u00edtett, magyar- angol \u00e9s n\u00e9met nyelv\u0171 sz\u00ednes f\u00fczetek mellett m\u00e1r a vil\u00e1gh\u00e1l\u00f3n kereszt\u00fcl is lehet megyei sz\u00e1ll\u00e1shelyeket foglalni, ez a fajta marketinglehet\u0151s\u00e9g eddig hi\u00e1nyzott a t\u00e9rs\u00e9gi idegenforgalomb\u00f3l. De nem csak a megye, a megyesz\u00e9khely is v\u00e1rja a turist\u00e1kat. Folytat\u00f3dik a Tiszaparti ny\u00e1r, a zenei fesztiv\u00e1lok rendezv\u00e9nysorozata, de n\u00e9h\u00e1ny \u00e9vnyi kihagy\u00e1s ut\u00e1n \u00fajra lesz ny\u00e1ri sz\u00ednh\u00e1z is. Mindezekkel a programokkal azonban meg kell ismertetni a lehets\u00e9ges vend\u00e9geket, azaz a szolg\u00e1ltat\u00e1sokat el kell adni. Az Utaz\u00e1s 2008 ki\u00e1ll\u00edt\u00e1s cs\u00fct\u00f6rt\u00f6k\u00f6n ny\u00edlik, az \u00f6tven n\u00e9gyzetm\u00e9teres megyei- v\u00e1rosi k\u00f6z\u00f6s stand a B pavilon bej\u00e1rat\u00e1val szemben fog \u00e1llni. A szakki\u00e1ll\u00edt\u00e1son negyvenkilenc orsz\u00e1g \u00e1ll\u00edt ki.<\/p>\n","protected":false},"excerpt":{"rendered":"<p>Egyre t\u00f6bb a vend\u00e9g, de a turist\u00e1k nem t\u00f6ltenek h\u00e1rom napn\u00e1l t\u00f6bbet a megy\u00e9ben. Ez ut\u00f3bbin v\u00e1ltoztatna a megye \u00e9s a megyesz\u00e9khely, amely a vend\u00e9g\u00e9jszak\u00e1k n\u00f6vel\u00e9se \u00e9rdek\u00e9ben k\u00f6z\u00f6s standon \u00e1ll\u00edt ki a holnaput\u00e1n ny\u00edl\u00f3 Utaz\u00e1s 2008 ki\u00e1ll\u00edt\u00e1son. Cs\u00fct\u00f6rt\u00f6kt\u0151l vas\u00e1rnapig tart a 31. Nemzetk\u00f6zi idegenforgalmi ki\u00e1ll\u00edt\u00e1s a budapesi V\u00e1s\u00e1rk\u00f6zpontban. A megyei \u00f6nkorm\u00e1nyzat megalakul\u00e1sa \u00f3ta r\u00e9szt ki\u00e1ll\u00edt [&hellip;]<\/p>\n","protected":false},"author":2,"featured_media":0,"comment_status":"open","ping_status":"open","sticky":false,"template":"","format":"standard","meta":[],"categories":[24],"tags":[],"_links":{"self":[{"href":"http:\/\/archiv.szolnoktv.hu\/index.php?rest_route=\/wp\/v2\/posts\/30500"}],"collection":[{"href":"http:\/\/archiv.szolnoktv.hu\/index.php?rest_route=\/wp\/v2\/posts"}],"about":[{"href":"http:\/\/archiv.szolnoktv.hu\/index.php?rest_route=\/wp\/v2\/types\/post"}],"author":[{"embeddable":true,"href":"http:\/\/archiv.szolnoktv.hu\/index.php?rest_route=\/wp\/v2\/users\/2"}],"replies":[{"embeddable":true,"href":"http:\/\/archiv.szolnoktv.hu\/index.php?rest_route=%2Fwp%2Fv2%2Fcomments&post=30500"}],"version-history":[{"count":1,"href":"http:\/\/archiv.szolnoktv.hu\/index.php?rest_route=\/wp\/v2\/posts\/30500\/revisions"}],"predecessor-version":[{"id":30547,"href":"http:\/\/archiv.szolnoktv.hu\/index.php?rest_route=\/wp\/v2\/posts\/30500\/revisions\/30547"}],"wp:attachment":[{"href":"http:\/\/archiv.szolnoktv.hu\/index.php?rest_route=%2Fwp%2Fv2%2Fmedia&parent=30500"}],"wp:term":[{"taxonomy":"category","embeddable":true,"href":"http:\/\/archiv.szolnoktv.hu\/index.php?rest_route=%2Fwp%2Fv2%2Fcategories&post=30500"},{"taxonomy":"post_tag","embeddable":true,"href":"http:\/\/archiv.szolnoktv.hu\/index.php?rest_route=%2Fwp%2Fv2%2Ftags&post=30500"}],"curies":[{"name":"wp","href":"https:\/\/api.w.org\/{rel}","templated":true}]}}